{"id":5551,"date":"2023-01-04T10:13:47","date_gmt":"2023-01-04T13:13:47","guid":{"rendered":"https:\/\/aguaslindasnoticias.com.br\/index.php\/2023\/01\/04\/convocatoria-7o-gama-festineco-2022\/"},"modified":"2023-01-04T10:13:47","modified_gmt":"2023-01-04T13:13:47","slug":"convocatoria-7o-gama-festineco-2022","status":"publish","type":"post","link":"https:\/\/aguaslindasnoticias.com.br\/index.php\/2023\/01\/04\/convocatoria-7o-gama-festineco-2022\/","title":{"rendered":"Convocat\u00f3ria 7\u00ba Gama Festineco 2022"},"content":{"rendered":"\n<figure class=\"wp-block-image size-large\"><img decoding=\"async\" src=\"http:\/\/claricegulyas.com.br\/wp-content\/uploads\/2022\/04\/WhatsApp-Image-2022-04-05-at-17.50.37.jpeg\" alt=\"\" class=\"wp-image-9955\"\/><\/figure>\n\n\n\n<p><em>Abertas inscri\u00e7\u00f5es para grupos que pesquisam e desenvolvem a linguagem do Teatro de Bonecos e\/ou Formas Animadas para participarem do processo de sele\u00e7\u00e3o do FESTINECO \u2013 Festival de Teatro de Bonecos do Gama 2022.<\/em><br>\u00a0<br>Est\u00e3o abertas as inscri\u00e7\u00f5es para grupos que pesquisam e desenvolvem a linguagem do Teatro de Bonecos e\/ou Formas Animadas para participarem do processo de sele\u00e7\u00e3o do <strong>FESTINECO \u2013 Festival de Teatro de Bonecos do Gama 2022<\/strong>. As inscri\u00e7\u00f5es dever\u00e3o ser realizadas at\u00e9 o dia 18 de ABRIL de 2022, SEGUNDA, at\u00e9 23h59 (hor\u00e1rio de Bras\u00edlia). Exclusivamente pelo formul\u00e1rio eletr\u00f4nico:\u00a0https:\/\/docs.google.com\/forms\/d\/e\/1FAIpQLSe0udaonn3a_pyQ36eW2RiR6WfOwmib8m0IzgIh4_zgfzYEHQ\/viewform?usp=sf_link<br>O Festival ser\u00e1 realizado no per\u00edodo de 18 a 28 de MAIO de 2022. O projeto \u00e9 patrocinado pelo Fundo de Apoio \u00e0 Cultura do DF (FAC\/DF).\u00a0<br>\u00a0<br>O FESTINECO foi idealizado em fun\u00e7\u00e3o da voca\u00e7\u00e3o cultural da cidade do Gama que possui v\u00e1rios grupos que trabalham e pesquisam o Teatro de Anima\u00e7\u00e3o.\u00a0 O evento contar\u00e1 com representatividade local, regional, nacional e internacional e priorizar\u00e1 espet\u00e1culos in\u00e9ditos no festival.<br><br>Segundo o coordenador do Festival, Marco Augusto, poder\u00e3o se inscrever pessoas que trabalham com teatro de bonecos residentes no Distrito Federal, mas grupos nacionais e internacionais tamb\u00e9m poder\u00e3o inscrever espet\u00e1culos.\u00a0<br><br>&#8220;No processo de sele\u00e7\u00e3o haver\u00e1 uma curadoria que escolher\u00e1 os trabalhos, tomando por base os seguintes crit\u00e9rios: qualidade e coer\u00eancia de encena\u00e7\u00e3o, proposta de montagem, dramaturgia, adequa\u00e7\u00e3o \u00e0 linguagem e trajet\u00f3ria do grupo e do espet\u00e1culo. A comiss\u00e3o se d\u00e1 o direito de acrescentar crit\u00e9rios tendo em vista a diversidade da programa\u00e7\u00e3o do festival&#8221;, afirma Marco Augusto.\u00a0<br><br>Ele tamb\u00e9m explica que cada grupo dever\u00e1 preencher o formul\u00e1rio com PROPOSTA DE CACH\u00ca e necessidades t\u00e9cnicas. Marco tamb\u00e9m antecipa que cada grupo poder\u00e1 ter, no m\u00e1ximo, dois espet\u00e1culos selecionados, mas poder\u00e1 inscrever quantos espet\u00e1culos desejar.<br><br>&#8221; No formul\u00e1rio eletr\u00f4nico, dever\u00e3o ser anexadas duas fotos em alta resolu\u00e7\u00e3o (m\u00ednimo 300dpi) com cr\u00e9dito do fot\u00f3grafo e link de v\u00eddeo do espet\u00e1culo&#8221;, finalizou.\u00a0<br><br><strong>Servi\u00e7o:<\/strong><br>O qu\u00ea: Convocat\u00f3ria 7\u00ba GAMA FESTINECO 2022Abertas inscri\u00e7\u00f5es para grupos que pesquisam e desenvolvem a linguagem do Teatro de Bonecos e\/ou Formas Animadas para participarem do processo de sele\u00e7\u00e3o do Festival de Teatro de Bonecos do Gama 2022.<br>Quando: At\u00e9 o dia 18 de ABRIL de 2022, SEGUNDA, at\u00e9 23h59 (hor\u00e1rio de Bras\u00edlia).<br>Como:\u00a0 Exclusivamente pelo formul\u00e1rio eletr\u00f4nico:<br><a href=\"https:\/\/docs.google.com\/forms\/d\/e\/1FAIpQLSe0udaonn3a_pyQ36eW2RiR6WfOwmib8m0IzgIh4_zgfzYEHQ\/viewform?usp=sf_link\">https:\/\/docs.google.com\/forms\/d\/e\/1FAIpQLSe0udaonn3a_pyQ36eW2RiR6WfOwmib8m0IzgIh4_zgfzYEHQ\/viewform?usp=sf_link<\/a><br>O Festival ser\u00e1 realizado no per\u00edodo de 18 a 28 de MAIO de 2022. O projeto \u00e9 patrocinado pelo Fundo de Apoio \u00e0 Cultura do DF (FAC\/DF).\u00a0<\/p>\n\n\n\n<p>INFORMA\u00c7\u00d5ES: voarteatrodebonecos@gmail.com<\/p>\n","protected":false},"excerpt":{"rendered":"<p>Abertas inscri\u00e7\u00f5es para grupos que pesquisam e desenvolvem a linguagem do Teatro de Bonecos e\/ou Formas Animadas para participarem do processo de sele\u00e7\u00e3o do FESTINECO \u2013 Festival de Teatro de Bonecos do Gama 2022.\u00a0Est\u00e3o abertas as inscri\u00e7\u00f5es para grupos que pesquisam e desenvolvem a linguagem do Teatro de Bonecos e\/ou Formas Animadas para participarem do [&hellip;]<\/p>\n","protected":false},"author":1,"featured_media":0,"comment_status":"open","ping_status":"open","sticky":false,"template":"","format":"standard","meta":{"footnotes":""},"categories":[],"tags":[],"class_list":["post-5551","post","type-post","status-publish","format-standard","hentry"],"_links":{"self":[{"href":"https:\/\/aguaslindasnoticias.com.br\/index.php\/wp-json\/wp\/v2\/posts\/5551","targetHints":{"allow":["GET"]}}],"collection":[{"href":"https:\/\/aguaslindasnoticias.com.br\/index.php\/wp-json\/wp\/v2\/posts"}],"about":[{"href":"https:\/\/aguaslindasnoticias.com.br\/index.php\/wp-json\/wp\/v2\/types\/post"}],"author":[{"embeddable":true,"href":"https:\/\/aguaslindasnoticias.com.br\/index.php\/wp-json\/wp\/v2\/users\/1"}],"replies":[{"embeddable":true,"href":"https:\/\/aguaslindasnoticias.com.br\/index.php\/wp-json\/wp\/v2\/comments?post=5551"}],"version-history":[{"count":0,"href":"https:\/\/aguaslindasnoticias.com.br\/index.php\/wp-json\/wp\/v2\/posts\/5551\/revisions"}],"wp:attachment":[{"href":"https:\/\/aguaslindasnoticias.com.br\/index.php\/wp-json\/wp\/v2\/media?parent=5551"}],"wp:term":[{"taxonomy":"category","embeddable":true,"href":"https:\/\/aguaslindasnoticias.com.br\/index.php\/wp-json\/wp\/v2\/categories?post=5551"},{"taxonomy":"post_tag","embeddable":true,"href":"https:\/\/aguaslindasnoticias.com.br\/index.php\/wp-json\/wp\/v2\/tags?post=5551"}],"curies":[{"name":"wp","href":"https:\/\/api.w.org\/{rel}","templated":true}]}}