{"id":5550,"date":"2023-01-04T10:13:47","date_gmt":"2023-01-04T13:13:47","guid":{"rendered":"https:\/\/aguaslindasnoticias.com.br\/index.php\/2023\/01\/04\/camara-legislativa-realiza-audiencia-publica-sobre-mudanca-de-nome-de-avenida-no-paranoa-para-rua-sao-jose-de-anchieta\/"},"modified":"2023-01-04T10:13:47","modified_gmt":"2023-01-04T13:13:47","slug":"camara-legislativa-realiza-audiencia-publica-sobre-mudanca-de-nome-de-avenida-no-paranoa-para-rua-sao-jose-de-anchieta","status":"publish","type":"post","link":"https:\/\/aguaslindasnoticias.com.br\/index.php\/2023\/01\/04\/camara-legislativa-realiza-audiencia-publica-sobre-mudanca-de-nome-de-avenida-no-paranoa-para-rua-sao-jose-de-anchieta\/","title":{"rendered":"C\u00e2mara Legislativa realiza audi\u00eancia p\u00fablica sobre mudan\u00e7a de nome de avenida no Parano\u00e1 para Rua S\u00e3o Jos\u00e9 de Anchieta"},"content":{"rendered":"\n<figure class=\"wp-block-image size-large\"><img decoding=\"async\" src=\"http:\/\/claricegulyas.com.br\/wp-content\/uploads\/2022\/04\/WhatsApp-Image-2022-04-01-at-14.01.53-1024x1024.jpeg\" alt=\"\" class=\"wp-image-9908\"\/><\/figure>\n\n\n\n<p>Na pr\u00f3xima segunda, \u00e0s 15h, a C\u00e2mara Legislativa do Distrito Federal ir\u00e1 promover audi\u00eancia p\u00fablica para debater o Projeto de Lei n\u00ba 802 de 2019, que altera a denomina\u00e7\u00e3o da Rua Felipe Silva, na Regi\u00e3o Administrativa do Parano\u00e1 &#8211; RA VII, para Rua S\u00e3o Jos\u00e9 de Anchieta.<\/p>\n\n\n\n<p>O evento \u00e9 de iniciativa do deputado distrital Jo\u00e3o Cardoso. A altera\u00e7\u00e3o da denomina\u00e7\u00e3o da Rua Felipe Silva para Rua S\u00e3o Jos\u00e9 de Anchieta prende-se ao fato da Capela erguida \u00e0s margens da via, em frente \u00e0 Quadra 4 do Parano\u00e1 Parque, ter sido batizada com o nome do mencionado padre jesu\u00edta, al\u00e9m do que busca atender a uma relevante reivindica\u00e7\u00e3o da comunidade que reside nas proximidades daquele templo.<\/p>\n\n\n\n<p>Cat\u00f3lico praticante, Jo\u00e3o Cardoso se manifesta feliz em atender \u00e0 esta demanda da comunidade do Parano\u00e1 Parque: \u201cA hist\u00f3ria de S\u00e3o Jos\u00e9 de Anchieta tra\u00e7a uma correla\u00e7\u00e3o com outro santo da igreja cat\u00f3lica de quem sou devoto, S\u00e3o Jos\u00e9, esposo de Maria. Ambos santos que me inspiram nessa caminhada pol\u00edtica\u201d, divide o parlamentar que informa que a ocasi\u00e3o tamb\u00e9m servir\u00e1 como um momento para ouvir as demandas da popula\u00e7\u00e3o da regi\u00e3o.<\/p>\n\n\n\n<p>A audi\u00eancia p\u00fablica ser\u00e1 aberta \u00e0 participa\u00e7\u00e3o popular no Plen\u00e1rio da C\u00e2mara Legislativa do Distrito Federal, no pr\u00f3ximo dia 04 de abril, segunda-feira \u00e0s 15h. Participe!<\/p>\n\n\n\n<p>Informa\u00e7\u00f5es: 61 3348 8060 | gabinetejoaocardoso@gmail.com<\/p>\n","protected":false},"excerpt":{"rendered":"<p>Na pr\u00f3xima segunda, \u00e0s 15h, a C\u00e2mara Legislativa do Distrito Federal ir\u00e1 promover audi\u00eancia p\u00fablica para debater o Projeto de Lei n\u00ba 802 de 2019, que altera a denomina\u00e7\u00e3o da Rua Felipe Silva, na Regi\u00e3o Administrativa do Parano\u00e1 &#8211; RA VII, para Rua S\u00e3o Jos\u00e9 de Anchieta. O evento \u00e9 de iniciativa do deputado distrital [&hellip;]<\/p>\n","protected":false},"author":1,"featured_media":0,"comment_status":"open","ping_status":"open","sticky":false,"template":"","format":"standard","meta":{"footnotes":""},"categories":[],"tags":[],"class_list":["post-5550","post","type-post","status-publish","format-standard","hentry"],"_links":{"self":[{"href":"https:\/\/aguaslindasnoticias.com.br\/index.php\/wp-json\/wp\/v2\/posts\/5550","targetHints":{"allow":["GET"]}}],"collection":[{"href":"https:\/\/aguaslindasnoticias.com.br\/index.php\/wp-json\/wp\/v2\/posts"}],"about":[{"href":"https:\/\/aguaslindasnoticias.com.br\/index.php\/wp-json\/wp\/v2\/types\/post"}],"author":[{"embeddable":true,"href":"https:\/\/aguaslindasnoticias.com.br\/index.php\/wp-json\/wp\/v2\/users\/1"}],"replies":[{"embeddable":true,"href":"https:\/\/aguaslindasnoticias.com.br\/index.php\/wp-json\/wp\/v2\/comments?post=5550"}],"version-history":[{"count":0,"href":"https:\/\/aguaslindasnoticias.com.br\/index.php\/wp-json\/wp\/v2\/posts\/5550\/revisions"}],"wp:attachment":[{"href":"https:\/\/aguaslindasnoticias.com.br\/index.php\/wp-json\/wp\/v2\/media?parent=5550"}],"wp:term":[{"taxonomy":"category","embeddable":true,"href":"https:\/\/aguaslindasnoticias.com.br\/index.php\/wp-json\/wp\/v2\/categories?post=5550"},{"taxonomy":"post_tag","embeddable":true,"href":"https:\/\/aguaslindasnoticias.com.br\/index.php\/wp-json\/wp\/v2\/tags?post=5550"}],"curies":[{"name":"wp","href":"https:\/\/api.w.org\/{rel}","templated":true}]}}