{"id":5549,"date":"2023-01-04T10:13:47","date_gmt":"2023-01-04T13:13:47","guid":{"rendered":"https:\/\/aguaslindasnoticias.com.br\/index.php\/2023\/01\/04\/rua-sao-jose-de-anchieta-recebe-anuencia-de-moradores-do-paranoa-parque\/"},"modified":"2023-01-04T10:13:47","modified_gmt":"2023-01-04T13:13:47","slug":"rua-sao-jose-de-anchieta-recebe-anuencia-de-moradores-do-paranoa-parque","status":"publish","type":"post","link":"https:\/\/aguaslindasnoticias.com.br\/index.php\/2023\/01\/04\/rua-sao-jose-de-anchieta-recebe-anuencia-de-moradores-do-paranoa-parque\/","title":{"rendered":"Rua S\u00e3o Jos\u00e9 de Anchieta recebe anu\u00eancia de moradores do Parano\u00e1 Parque"},"content":{"rendered":"\n<p>Foto: Carlos Gandra\/CLDF<\/p>\n\n\n\n<figure class=\"wp-block-image\"><img decoding=\"async\" src=\"https:\/\/www.cl.df.gov.br\/documents\/10162\/25715308\/2211236CG+%2830%29.jpg\/a569f5d0-6ff9-0522-0fec-3be07a9b9a8f?t=1649103591480\" alt=\"O deputado Jo\u00e3o Cardoso, autor da audi\u00eancia p\u00fablica, explicou que a mudan\u00e7a \u00e9 uma reivindica\u00e7\u00e3o da comunidade local, que reside nas proximidades da par\u00f3quia com mesmo nome\"\/><\/figure>\n\n\n\n<p>O deputado Jo\u00e3o Cardoso, autor da audi\u00eancia p\u00fablica, explicou que a mudan\u00e7a \u00e9 uma reivindica\u00e7\u00e3o da comunidade local, que reside nas proximidades da par\u00f3quia com mesmo nome<\/p>\n\n\n\n<p>Participantes de audi\u00eancia p\u00fablica da C\u00e2mara Legislativa, na tarde desta segunda-feira (4) no plen\u00e1rio, apoiaram a mudan\u00e7a de nomenclatura da Rua Felipe Silva para Rua S\u00e3o Jos\u00e9 de Anchieta, na regi\u00e3o administrativa do Parano\u00e1. O deputado<a href=\"https:\/\/www.cl.df.gov.br\/web\/guest\/joao-cardoso-2019-2022\">&nbsp;Jo\u00e3o Cardoso&nbsp;<\/a>(Avante) \u00e9 autor do Projeto de Lei 802\/2019, que altera a denomina\u00e7\u00e3o da via.&nbsp;<\/p>\n\n\n\n<p>O parlamentar explicou que a mudan\u00e7a \u00e9 uma reivindica\u00e7\u00e3o da comunidade local, que reside nas proximidades da par\u00f3quia com mesmo nome, localizada \u00e0s margens da via em frente \u00e0 quadra 4 do Parano\u00e1 Parque.<\/p>\n\n\n\n<p>Para Cardoso, trata-se de uma justa homenagem a Jos\u00e9 de Anchieta (1534-1597). Ele narrou a hist\u00f3ria do jesu\u00edta, que nasceu no arquip\u00e9lago das Can\u00e1rias (Espanha) e faleceu no Brasil, na cidade hoje denominada Anchieta (ES). \u201cEsse inesquec\u00edvel padre jesu\u00edta ficou conhecido como o \u2018ap\u00f3stolo do Brasil\u2019 por sua atua\u00e7\u00e3o no Pa\u00eds\u201d, afirmou.<br>Da par\u00f3quia Santa Maria dos Pobres, o p\u00e1roco Miguel Porres Prieto, tamb\u00e9m espanhol, ressaltou a relev\u00e2ncia hist\u00f3rica de Jos\u00e9 Anchieta, um \u201chumanista crist\u00e3o do renascimento\u201d. Prieto lembrou que Anchieta foi educado em Coimbra e era uma pessoa erudita, um fil\u00f3sofo, poeta, escritor, dramaturgo e te\u00f3logo, com v\u00e1rias facetas.<br>&nbsp;<\/p>\n\n\n\n<figure class=\"wp-block-image\"><img decoding=\"async\" src=\"https:\/\/www.cl.df.gov.br\/documents\/10162\/25715308\/2211236CG+%2882%29Padre+Miguel+Porres+Prieto%28Par%C3%B3quia+Santa+Maria+dos+pobres%29.jpg\/61d9eb19-7a39-68f5-141f-4aa5d4092cc2?t=1649103593077\" alt=\"\"\/><\/figure>\n\n\n\n<p>O p\u00e1roco associou Anchieta, o santo da devo\u00e7\u00e3o, \u00e0 regi\u00e3o do Parano\u00e1 Parque, ao frisar a import\u00e2ncia de a rua levar o nome do jesu\u00edta, \u201ccomo uma profecia, de um grande santo que protege\u201d.&nbsp;<\/p>\n\n\n\n<p>Do mesmo modo, o vig\u00e1rio da Par\u00f3quia Maria Imaculada, Everton Silva, destacou que \u201ca rua dedicada ao santo jesu\u00edta \u00e9 uma importante refer\u00eancia e identifica\u00e7\u00e3o\u201d, ao citar que h\u00e1 uma rel\u00edquia doada pelos jesu\u00edtas, em Roma, aos paroquianos.<\/p>\n\n\n\n<p>O morador do Parano\u00e1 Parque, Rosival Santos, considerou que a pequena capela S\u00e3o Jos\u00e9 de Anchieta e, agora, a rua com mesmo nome s\u00e3o refer\u00eancias na comunidade, que representam \u201ca presen\u00e7a de Deus no cora\u00e7\u00e3o do povo\u201d.<\/p>\n\n\n\n<p>Tamb\u00e9m morador da \u00e1rea, Albemir Ara\u00fajo refor\u00e7ou que a capela e o nome da rua s\u00e3o pleitos comunit\u00e1rios, sendo que a nova nomenclatura vai auxiliar na localiza\u00e7\u00e3o da capela.<br>&nbsp;<\/p>\n\n\n\n<p><img decoding=\"async\" class=\"\" width=\"439\" src=\"https:\/\/www.cl.df.gov.br\/documents\/10162\/25715308\/2211236CG+%2858%29Priscila+Vieira+Braga%28S%C3%ADndica+da+Q.3+Conj.2+Lote+1+do+Parano%C3%A1+parque%29.jpg\/b30e3217-d672-cf4d-b1bc-8f70ebf6b692?t=1649103592074\"><br>Por sua vez, a s\u00edndica da quadra 3 do Parano\u00e1 Parque, Priscila Braga, disse que, assim como Jos\u00e9 de Anchieta, ela \u00e9 catequista, e a altera\u00e7\u00e3o do nome \u00e9 um \u201cbenef\u00edcio\u201d para a comunidade. Moradores da regi\u00e3o aproveitaram o encontro para fazer diversas demandas, como reivindicar ilumina\u00e7\u00e3o de LED.&nbsp;<\/p>\n\n\n\n<p><strong>Legisla\u00e7\u00e3o<\/strong><\/p>\n\n\n\n<p>De acordo com a legisla\u00e7\u00e3o local (<a href=\"http:\/\/www.sinj.df.gov.br\/sinj\/Norma\/56537\/Lei_4052_10_12_2007.pdf\">Lei n\u00ba 4.052\/2007)<\/a>, a altera\u00e7\u00e3o de nomes de logradouros e monumentos p\u00fablicos deve ser ratificada pela popula\u00e7\u00e3o, consultada mediante audi\u00eancia p\u00fablica.&nbsp;O evento de hoje foi transmitido ao vivo pela TV C\u00e2mara Distrital (canal 9.3) e&nbsp;<a href=\"https:\/\/www.youtube.com\/watch?v=4eGYO6jIgBg\">Youtube<\/a>, com tradu\u00e7\u00e3o simult\u00e2nea em Libras.<\/p>\n\n\n\n<p><strong>Franci Moraes &#8211; Ag\u00eancia CLDF<\/strong><\/p>\n","protected":false},"excerpt":{"rendered":"<p>Foto: Carlos Gandra\/CLDF O deputado Jo\u00e3o Cardoso, autor da audi\u00eancia p\u00fablica, explicou que a mudan\u00e7a \u00e9 uma reivindica\u00e7\u00e3o da comunidade local, que reside nas proximidades da par\u00f3quia com mesmo nome Participantes de audi\u00eancia p\u00fablica da C\u00e2mara Legislativa, na tarde desta segunda-feira (4) no plen\u00e1rio, apoiaram a mudan\u00e7a de nomenclatura da Rua Felipe Silva para Rua [&hellip;]<\/p>\n","protected":false},"author":1,"featured_media":0,"comment_status":"open","ping_status":"open","sticky":false,"template":"","format":"standard","meta":{"footnotes":""},"categories":[],"tags":[],"class_list":["post-5549","post","type-post","status-publish","format-standard","hentry"],"_links":{"self":[{"href":"https:\/\/aguaslindasnoticias.com.br\/index.php\/wp-json\/wp\/v2\/posts\/5549","targetHints":{"allow":["GET"]}}],"collection":[{"href":"https:\/\/aguaslindasnoticias.com.br\/index.php\/wp-json\/wp\/v2\/posts"}],"about":[{"href":"https:\/\/aguaslindasnoticias.com.br\/index.php\/wp-json\/wp\/v2\/types\/post"}],"author":[{"embeddable":true,"href":"https:\/\/aguaslindasnoticias.com.br\/index.php\/wp-json\/wp\/v2\/users\/1"}],"replies":[{"embeddable":true,"href":"https:\/\/aguaslindasnoticias.com.br\/index.php\/wp-json\/wp\/v2\/comments?post=5549"}],"version-history":[{"count":0,"href":"https:\/\/aguaslindasnoticias.com.br\/index.php\/wp-json\/wp\/v2\/posts\/5549\/revisions"}],"wp:attachment":[{"href":"https:\/\/aguaslindasnoticias.com.br\/index.php\/wp-json\/wp\/v2\/media?parent=5549"}],"wp:term":[{"taxonomy":"category","embeddable":true,"href":"https:\/\/aguaslindasnoticias.com.br\/index.php\/wp-json\/wp\/v2\/categories?post=5549"},{"taxonomy":"post_tag","embeddable":true,"href":"https:\/\/aguaslindasnoticias.com.br\/index.php\/wp-json\/wp\/v2\/tags?post=5549"}],"curies":[{"name":"wp","href":"https:\/\/api.w.org\/{rel}","templated":true}]}}