{"id":5548,"date":"2023-01-04T10:13:47","date_gmt":"2023-01-04T13:13:47","guid":{"rendered":"https:\/\/aguaslindasnoticias.com.br\/index.php\/2023\/01\/04\/com-apoio-de-joao-cardoso-cldf-aprova-reestruturacao-para-servidores-de-atividades-urbanas\/"},"modified":"2023-01-04T10:13:47","modified_gmt":"2023-01-04T13:13:47","slug":"com-apoio-de-joao-cardoso-cldf-aprova-reestruturacao-para-servidores-de-atividades-urbanas","status":"publish","type":"post","link":"https:\/\/aguaslindasnoticias.com.br\/index.php\/2023\/01\/04\/com-apoio-de-joao-cardoso-cldf-aprova-reestruturacao-para-servidores-de-atividades-urbanas\/","title":{"rendered":"Com apoio de Jo\u00e3o Cardoso, CLDF aprova reestrutura\u00e7\u00e3o para servidores de atividades urbanas"},"content":{"rendered":"\n<figure class=\"wp-block-image size-large\"><img decoding=\"async\" src=\"http:\/\/claricegulyas.com.br\/wp-content\/uploads\/2022\/04\/joao-cardoso-por-Carlos-Gandra-CLDF-1-1024x683.jpg\" alt=\"\" class=\"wp-image-9900\"\/><\/figure>\n\n\n\n<p><em>Com a proposta, ficam extintas as carreiras de fiscaliza\u00e7\u00e3o e inspe\u00e7\u00e3o de atividades urbanas<\/em><\/p>\n\n\n\n<p><br>A C\u00e2mara Legislativa aprovou nesta quinta (31\/3) projeto de lei que cria a \u00e1rea de especializa\u00e7\u00e3o \u201cres\u00edduos s\u00f3lidos\u201d na carreira de auditoria de atividades urbanas e que vai abrigar 330 inspetores fiscais da carreira de fiscaliza\u00e7\u00e3o e inspe\u00e7\u00e3o de atividades urbanas. O deputado <strong>Jo\u00e3o Cardoso<\/strong> (Avante), que \u00e9 tamb\u00e9m auditor-fiscal de atividades urbanas, ajudou na articula\u00e7\u00e3o da vota\u00e7\u00e3o e \u00e9 um dos principais respons\u00e1veis pela conquista da categoria.<\/p>\n\n\n\n<p>O parlamentar e servidor do Instituto Bras\u00edlia Ambiental (Ibram) agradeceu ao Governo do Distrito Federal pelo envio do projeto 2.678\/2022, que tamb\u00e9m define crit\u00e9rios de progress\u00e3o na carreira e de promo\u00e7\u00e3o funcional. Tamb\u00e9m parabenizou o sindicato, auditores e deputados pela aprova\u00e7\u00e3o da proposta. O projeto segue agora para san\u00e7\u00e3o ou veto do governador Ibaneis Rocha.<\/p>\n\n\n\n<p>&#8220;Os inspetores de atividades urbanas fazem jus a esta reclassifica\u00e7\u00e3o da carreira, das tabelas e pela s\u00e9rie de servi\u00e7os que prestam ao DF Legal&#8221;, disse Jo\u00e3o Cardoso, em plen\u00e1rio.<\/p>\n\n\n\n<p>Segundo a Secretaria de Economia do DF, \u201cos recursos a serem utilizados para suplementa\u00e7\u00e3o em tela advir\u00e3o do excesso de arrecada\u00e7\u00e3o de receitas tribut\u00e1rias, de forma a n\u00e3o impactar nas metas fiscais pactuadas\u201d.<\/p>\n","protected":false},"excerpt":{"rendered":"<p>Com a proposta, ficam extintas as carreiras de fiscaliza\u00e7\u00e3o e inspe\u00e7\u00e3o de atividades urbanas A C\u00e2mara Legislativa aprovou nesta quinta (31\/3) projeto de lei que cria a \u00e1rea de especializa\u00e7\u00e3o \u201cres\u00edduos s\u00f3lidos\u201d na carreira de auditoria de atividades urbanas e que vai abrigar 330 inspetores fiscais da carreira de fiscaliza\u00e7\u00e3o e inspe\u00e7\u00e3o de atividades urbanas. [&hellip;]<\/p>\n","protected":false},"author":1,"featured_media":0,"comment_status":"open","ping_status":"open","sticky":false,"template":"","format":"standard","meta":{"footnotes":""},"categories":[],"tags":[],"class_list":["post-5548","post","type-post","status-publish","format-standard","hentry"],"_links":{"self":[{"href":"https:\/\/aguaslindasnoticias.com.br\/index.php\/wp-json\/wp\/v2\/posts\/5548","targetHints":{"allow":["GET"]}}],"collection":[{"href":"https:\/\/aguaslindasnoticias.com.br\/index.php\/wp-json\/wp\/v2\/posts"}],"about":[{"href":"https:\/\/aguaslindasnoticias.com.br\/index.php\/wp-json\/wp\/v2\/types\/post"}],"author":[{"embeddable":true,"href":"https:\/\/aguaslindasnoticias.com.br\/index.php\/wp-json\/wp\/v2\/users\/1"}],"replies":[{"embeddable":true,"href":"https:\/\/aguaslindasnoticias.com.br\/index.php\/wp-json\/wp\/v2\/comments?post=5548"}],"version-history":[{"count":0,"href":"https:\/\/aguaslindasnoticias.com.br\/index.php\/wp-json\/wp\/v2\/posts\/5548\/revisions"}],"wp:attachment":[{"href":"https:\/\/aguaslindasnoticias.com.br\/index.php\/wp-json\/wp\/v2\/media?parent=5548"}],"wp:term":[{"taxonomy":"category","embeddable":true,"href":"https:\/\/aguaslindasnoticias.com.br\/index.php\/wp-json\/wp\/v2\/categories?post=5548"},{"taxonomy":"post_tag","embeddable":true,"href":"https:\/\/aguaslindasnoticias.com.br\/index.php\/wp-json\/wp\/v2\/tags?post=5548"}],"curies":[{"name":"wp","href":"https:\/\/api.w.org\/{rel}","templated":true}]}}