{"id":5547,"date":"2023-01-04T10:13:47","date_gmt":"2023-01-04T13:13:47","guid":{"rendered":"https:\/\/aguaslindasnoticias.com.br\/index.php\/2023\/01\/04\/estreia-do-documentario-a-historia-por-tras-do-disco\/"},"modified":"2023-01-04T10:13:47","modified_gmt":"2023-01-04T13:13:47","slug":"estreia-do-documentario-a-historia-por-tras-do-disco","status":"publish","type":"post","link":"https:\/\/aguaslindasnoticias.com.br\/index.php\/2023\/01\/04\/estreia-do-documentario-a-historia-por-tras-do-disco\/","title":{"rendered":"Estreia do Document\u00e1rio &#8220;A hist\u00f3ria por tr\u00e1s do Disco&#8221;"},"content":{"rendered":"\n<figure class=\"wp-block-image size-large\"><img decoding=\"async\" src=\"http:\/\/claricegulyas.com.br\/wp-content\/uploads\/2022\/04\/1-Ronan-Meireles-vocalista-e-produtor-da-PUS-Foto_-Ramon-Amorim--1024x768.jpeg\" alt=\"\" class=\"wp-image-9897\"\/><\/figure>\n\n\n\n<p><strong>A HIST\u00d3RIA POR TR\u00c1S DO DISCO<\/strong><\/p>\n\n\n\n<p>Est\u00e1 dispon\u00edvel o document\u00e1rio acerca dos&nbsp;bastidores de grava\u00e7\u00e3o&nbsp;do disco Third World da banda brasiliense PUS, o primeiro \u00e1lbum de m\u00fasica extrema, gravado por uma banda do Centro-Oeste.<\/p>\n\n\n\n<p>Ficar\u00e1 dispon\u00edvel at\u00e9 o dia 30 de abril,&nbsp; o document\u00e1rio &#8220;A hist\u00f3ria por tr\u00e1s do disco&#8221;, &nbsp;em canal hom\u00f4nimo do YouTube&nbsp;(<a href=\"https:\/\/www.youtube.com\/channel\/UCrhkG_o0Rv3Byk8cHopI-CA\">https:\/\/www.youtube.com\/channel\/UCrhkG_o0Rv3Byk8cHopI-CA<\/a>). Com 30 minutos de dura\u00e7\u00e3o, ele apresenta os bastidores de grava\u00e7\u00e3o, divulga\u00e7\u00e3o e repercuss\u00e3o do disco &#8220;Third World&#8221; da banda brasiliense &#8220;PUS&#8221;. Esse trabalho foi um dos mais ic\u00f4nicos da hist\u00f3ria da m\u00fasica em Bras\u00edlia, e que, por seu pioneirismo e import\u00e2ncia, ajudaram a formatar a identidade cultural do Heavy Metal brasiliense. Esse document\u00e1rio integra o Circuito de Arte e Cultura do Gama que ainda realizar\u00e1 a a\u00e7\u00e3o cultural \u201cArte na Ponte\u201d, da Cia. Cidade dos Bonecos, com apresenta\u00e7\u00f5es teatrais no N\u00facleo Rural Ponte Alta Norte.&nbsp; O Circuito \u00e9 realizado por meio de um Termo de Fomento da Secretaria de Estado de Cultura e Economia Criativa, do GDF.<\/p>\n\n\n\n<p><br>O produtor executivo do document\u00e1rio, Amarildo Adriano Pereira, &nbsp;explica que o filme documental narra uma \u00e9pica saga desse que \u00e9 primeiro \u00e1lbum de m\u00fasica extrema (lan\u00e7ado em 1990), gravado por uma banda do Centro-Oeste. &#8220;Temos que dar visibilidade a uma hist\u00f3ria que n\u00e3o pode cair no esquecimento, uma vez que ela serve de modelo a ser seguido&#8221;, afirma Amarildo que tamb\u00e9m \u00e9 membro da Comiss\u00e3o Organizadora do Festival de M\u00fasica Popular do Gama (FMPG), respons\u00e1vel pelo projeto.<\/p>\n\n\n\n<p>O coordenador-geral do Circuito, Domingos Rodrigo, explica que a popula\u00e7\u00e3o do Gama possui uma demanda por mais oferta de projetos de arte e cultura. J\u00e1 os habitantes da zona rural n\u00e3o t\u00eam acesso aos bens culturais e atividades art\u00edsticas por motivos de distanciamento geogr\u00e1fico e financeiro. &#8220;Diante dessas demandas surge a cria\u00e7\u00e3o do projeto &#8216;Circuito de Arte e Cultura do Gama&#8217;, que contempla as linguagens do teatro, dan\u00e7a, m\u00fasica e audiovisual, al\u00e9m de promover a realiza\u00e7\u00e3o de palestras e oficinas. O projeto ter\u00e1 uma programa\u00e7\u00e3o cultural diversificada, inclusiva, itinerante, com recursos de acessibilidade, entrada franca e classifica\u00e7\u00e3o Livre para todos os p\u00fablicos, destinada para a comunidade do Gama incluindo os habitantes da regi\u00e3o rural&#8221;, revela o coordenador.<\/p>\n\n\n\n<p><strong>A hist\u00f3ria por tr\u00e1s do disco<\/strong><\/p>\n\n\n\n<p>O document\u00e1rio possui 30 minutos de dura\u00e7\u00e3o, e foi feito por meio de entrevistas e depoimentos de artistas, jornalistas, produtores e m\u00fasicos da \u00e9poca, bem como por inser\u00e7\u00e3o de materiais de arquivo (fotos e v\u00eddeos) e inclus\u00e3o de ilustra\u00e7\u00f5es. &#8220;A proposta \u00e9 entendermos como foi o primeiro contato com a gravadora, o clima pr\u00e9-lan\u00e7amento, a expectativa e os desdobramentos ap\u00f3s o seu lan\u00e7amento. Com esse disco,o&nbsp;&nbsp;<em>Heavy Metal<\/em>&nbsp;de Bras\u00edlia chegou a um novo patamar, encorajando outros grupos a seguirem tocando e levando essas bandas a atingirem plateias fora do quadradinho&#8221;, revela o produtor.<br><br>Amarildo tamb\u00e9m enfatiza que \u00e9 mostrada como a grava\u00e7\u00e3o de um disco faz mover toda a engrenagem da cadeia produtiva da m\u00fasica, desde os ensaios at\u00e9 a grava\u00e7\u00e3o: est\u00fadio de ensaio e grava\u00e7\u00e3o, divulgadores, revistas, programas de r\u00e1dio, entre outros.<br><br><strong>Grupos envolvidos<br><\/strong><br>A<strong>&nbsp;Associa\u00e7\u00e3o Cultural SONART<\/strong>&nbsp;&nbsp;\u00e9 a respons\u00e1vel pela Coordena\u00e7\u00e3o Geral de Produ\u00e7\u00e3o e Gest\u00e3o Administrativa do projeto Circuito de Arte e Cultura do Gama.<br><br><strong>A Comiss\u00e3o Organizadora do Festival de M\u00fasica Popular do Gama \u2013 FMPG,&nbsp;<\/strong>festival mais antigo do DF, que resgata a fun\u00e7\u00e3o dos festivais de m\u00fasica popular das d\u00e9cadas de 1960 e 1970.<\/p>\n\n\n\n<p><strong>Servi\u00e7o<\/strong>:<br>O qu\u00ea<strong>: Est\u00e1 dispon\u00edvel o document\u00e1rio &#8220;A hist\u00f3ria por tr\u00e1s do disco&#8221;, acerca dos bastidores de grava\u00e7\u00e3o do disco Third World da banda brasiliense PUS, o primeiro \u00e1lbum de m\u00fasica extrema, gravado por uma banda do Centro-Oeste. Esta a\u00e7\u00e3o integra o Circuito de Arte e Cultura do Gama.<br><\/strong>Quando:&nbsp;<strong>De 30 de mar\u00e7o a 30 de abril de 2022<br><\/strong>Onde:&nbsp;<strong>No canal hom\u00f4nimo do YouTube<\/strong>&nbsp;(<a href=\"https:\/\/www.youtube.com\/channel\/UCrhkG_o0Rv3Byk8cHopI-CA\">https:\/\/www.youtube.com\/channel\/UCrhkG_o0Rv3Byk8cHopI-CA<\/a>),<br><strong>O Circuito \u00e9 realizado por meio de um Termo de Fomento da Secretaria de Estado de Cultura e Economia Criativa, do GDF.<br><\/strong>Informa\u00e7\u00f5es: (61) 98495-9043<\/p>\n","protected":false},"excerpt":{"rendered":"<p>A HIST\u00d3RIA POR TR\u00c1S DO DISCO Est\u00e1 dispon\u00edvel o document\u00e1rio acerca dos&nbsp;bastidores de grava\u00e7\u00e3o&nbsp;do disco Third World da banda brasiliense PUS, o primeiro \u00e1lbum de m\u00fasica extrema, gravado por uma banda do Centro-Oeste. Ficar\u00e1 dispon\u00edvel at\u00e9 o dia 30 de abril,&nbsp; o document\u00e1rio &#8220;A hist\u00f3ria por tr\u00e1s do disco&#8221;, &nbsp;em canal hom\u00f4nimo do YouTube&nbsp;(https:\/\/www.youtube.com\/channel\/UCrhkG_o0Rv3Byk8cHopI-CA). Com [&hellip;]<\/p>\n","protected":false},"author":1,"featured_media":0,"comment_status":"open","ping_status":"open","sticky":false,"template":"","format":"standard","meta":{"footnotes":""},"categories":[],"tags":[],"class_list":["post-5547","post","type-post","status-publish","format-standard","hentry"],"_links":{"self":[{"href":"https:\/\/aguaslindasnoticias.com.br\/index.php\/wp-json\/wp\/v2\/posts\/5547","targetHints":{"allow":["GET"]}}],"collection":[{"href":"https:\/\/aguaslindasnoticias.com.br\/index.php\/wp-json\/wp\/v2\/posts"}],"about":[{"href":"https:\/\/aguaslindasnoticias.com.br\/index.php\/wp-json\/wp\/v2\/types\/post"}],"author":[{"embeddable":true,"href":"https:\/\/aguaslindasnoticias.com.br\/index.php\/wp-json\/wp\/v2\/users\/1"}],"replies":[{"embeddable":true,"href":"https:\/\/aguaslindasnoticias.com.br\/index.php\/wp-json\/wp\/v2\/comments?post=5547"}],"version-history":[{"count":0,"href":"https:\/\/aguaslindasnoticias.com.br\/index.php\/wp-json\/wp\/v2\/posts\/5547\/revisions"}],"wp:attachment":[{"href":"https:\/\/aguaslindasnoticias.com.br\/index.php\/wp-json\/wp\/v2\/media?parent=5547"}],"wp:term":[{"taxonomy":"category","embeddable":true,"href":"https:\/\/aguaslindasnoticias.com.br\/index.php\/wp-json\/wp\/v2\/categories?post=5547"},{"taxonomy":"post_tag","embeddable":true,"href":"https:\/\/aguaslindasnoticias.com.br\/index.php\/wp-json\/wp\/v2\/tags?post=5547"}],"curies":[{"name":"wp","href":"https:\/\/api.w.org\/{rel}","templated":true}]}}