{"id":5546,"date":"2023-01-04T10:13:47","date_gmt":"2023-01-04T13:13:47","guid":{"rendered":"https:\/\/aguaslindasnoticias.com.br\/index.php\/2023\/01\/04\/comandante-aboud-deve-concorrer-a-deputado-federal-pelo-republicanos\/"},"modified":"2023-01-04T10:13:47","modified_gmt":"2023-01-04T13:13:47","slug":"comandante-aboud-deve-concorrer-a-deputado-federal-pelo-republicanos","status":"publish","type":"post","link":"https:\/\/aguaslindasnoticias.com.br\/index.php\/2023\/01\/04\/comandante-aboud-deve-concorrer-a-deputado-federal-pelo-republicanos\/","title":{"rendered":"Comandante Aboud deve concorrer a deputado federal pelo Republicanos"},"content":{"rendered":"\n<figure class=\"wp-block-image size-large\"><img decoding=\"async\" src=\"http:\/\/claricegulyas.com.br\/wp-content\/uploads\/2022\/04\/WhatsApp-Image-2022-03-31-at-18.48.28-1-829x1024.jpeg\" alt=\"\" class=\"wp-image-9893\"\/><\/figure>\n\n\n\n<p>Candidato mais bem votado do Partido Social Liberal (PSL) no Distrito Federal, com 14.672 votos nas elei\u00e7\u00f5es de 2018, Comandante Aboud deve voltar a disputar uma cadeira na C\u00e2mara dos Deputados, agora, pelo Republicanos. O militar se filiou ao partido nesta semana e \u00e9 um dos principais nomes cotados pelos bolsonaristas e conservadores.<\/p>\n\n\n\n<p>Ex-Comandante-Geral do Corpo de Bombeiros Militar do DF, Aboud vai refor\u00e7ar o forte time do Republicanos na esfera federal, que inclui o j\u00e1 eleito Dep J\u00falio C\u00e9sar. Conservador e cat\u00f3lico (pertence a v\u00e1rios movimentos da igreja, equipista da ENS), casado h\u00e1 33 anos, o militar \u00e9 atualmente vice-presidente da Federa\u00e7\u00e3o Nacional de Entidades de Militares Estaduais (Feneme) e ativista da direita, com a defesa de pautas ligadas \u00e0 Deus, p\u00e1tria, fam\u00edlia e liberdade.<br><br>Na mesma sigla, tamb\u00e9m est\u00e1 Damares Alves (atual ministra da Mulher, da Fam\u00edlia e dos Direitos Humanos), que deve concorrer ao Senado \u00e0 pedido de Bolsonaro.<\/p>\n","protected":false},"excerpt":{"rendered":"<p>Candidato mais bem votado do Partido Social Liberal (PSL) no Distrito Federal, com 14.672 votos nas elei\u00e7\u00f5es de 2018, Comandante Aboud deve voltar a disputar uma cadeira na C\u00e2mara dos Deputados, agora, pelo Republicanos. O militar se filiou ao partido nesta semana e \u00e9 um dos principais nomes cotados pelos bolsonaristas e conservadores. Ex-Comandante-Geral do [&hellip;]<\/p>\n","protected":false},"author":1,"featured_media":0,"comment_status":"open","ping_status":"open","sticky":false,"template":"","format":"standard","meta":{"footnotes":""},"categories":[],"tags":[],"class_list":["post-5546","post","type-post","status-publish","format-standard","hentry"],"_links":{"self":[{"href":"https:\/\/aguaslindasnoticias.com.br\/index.php\/wp-json\/wp\/v2\/posts\/5546","targetHints":{"allow":["GET"]}}],"collection":[{"href":"https:\/\/aguaslindasnoticias.com.br\/index.php\/wp-json\/wp\/v2\/posts"}],"about":[{"href":"https:\/\/aguaslindasnoticias.com.br\/index.php\/wp-json\/wp\/v2\/types\/post"}],"author":[{"embeddable":true,"href":"https:\/\/aguaslindasnoticias.com.br\/index.php\/wp-json\/wp\/v2\/users\/1"}],"replies":[{"embeddable":true,"href":"https:\/\/aguaslindasnoticias.com.br\/index.php\/wp-json\/wp\/v2\/comments?post=5546"}],"version-history":[{"count":0,"href":"https:\/\/aguaslindasnoticias.com.br\/index.php\/wp-json\/wp\/v2\/posts\/5546\/revisions"}],"wp:attachment":[{"href":"https:\/\/aguaslindasnoticias.com.br\/index.php\/wp-json\/wp\/v2\/media?parent=5546"}],"wp:term":[{"taxonomy":"category","embeddable":true,"href":"https:\/\/aguaslindasnoticias.com.br\/index.php\/wp-json\/wp\/v2\/categories?post=5546"},{"taxonomy":"post_tag","embeddable":true,"href":"https:\/\/aguaslindasnoticias.com.br\/index.php\/wp-json\/wp\/v2\/tags?post=5546"}],"curies":[{"name":"wp","href":"https:\/\/api.w.org\/{rel}","templated":true}]}}