{"id":5545,"date":"2023-01-04T10:13:47","date_gmt":"2023-01-04T13:13:47","guid":{"rendered":"https:\/\/aguaslindasnoticias.com.br\/index.php\/2023\/01\/04\/avante-quer-eleger-dois-distritais-e-manter-vice-governador\/"},"modified":"2023-01-04T10:13:47","modified_gmt":"2023-01-04T13:13:47","slug":"avante-quer-eleger-dois-distritais-e-manter-vice-governador","status":"publish","type":"post","link":"https:\/\/aguaslindasnoticias.com.br\/index.php\/2023\/01\/04\/avante-quer-eleger-dois-distritais-e-manter-vice-governador\/","title":{"rendered":"Avante quer eleger dois distritais e manter vice-governador"},"content":{"rendered":"\n<figure class=\"wp-block-image size-large\"><img decoding=\"async\" src=\"http:\/\/claricegulyas.com.br\/wp-content\/uploads\/2022\/04\/WhatsApp-Image-2022-04-01-at-11.23.52-1024x768.jpeg\" alt=\"\" class=\"wp-image-9890\"\/><\/figure>\n\n\n\n<p>\u00danico partido sem nenhuma desfilia\u00e7\u00e3o at\u00e9 o momento, o Avante movimentou o Clube da Sa\u00fade nesta ter\u00e7a (29\/3) em evento que reuniu todos os pr\u00e9-candidatos e apoiadores. O partido foi o primeiro a fazer um evento deste tipo, tendo, inclusive, todos os candidatos j\u00e1 filiados. Para este ano, a estrat\u00e9gia da sigla \u00e9 repetir o sucesso de 2018, elegendo dois distritais e mantendo o vice-governador.<\/p>\n\n\n\n<p>Na ocasi\u00e3o, o Avante apresentou \u201cuma chapinha de federal\u201d que pode dar trabalho na regra dos 80% do coeficiente e 20% dos votos nominais. \u00c0 frente dos trabalhos das campanhas est\u00e1 o gestor de marketing e secret\u00e1rio do partido Tiago T\u00e1rsis, habilidoso na cria\u00e7\u00e3o de nominatas.<\/p>\n\n\n\n<p>O partido Avante a n\u00edvel nacional \u00e9 um partido pequeno, mas n\u00e3o nanico e agora ter\u00e1 candidato pr\u00f3prio \u00e0 presid\u00eancia da Rep\u00fablica: o advogado e deputado federal Andr\u00e9 Janones, que s\u00f3 tem crescido nas pesquisas de inten\u00e7\u00e3o de voto.<\/p>\n\n\n\n<p>No DF, em 2018, sagrou-se como segundo maior partido das elei\u00e7\u00f5es para deputado distrital, com mais de 94 mil votos, preenchendo duas vagas para a C\u00e2mara Legislativa: Reginaldo Sardinha (que j\u00e1 est\u00e1 fora do partido), com 6.738 votos e<br>Jo\u00e3o Cardoso, com 12.654 votos. Tamb\u00e9m ajudou na elei\u00e7\u00e3o da deputada federal Celina Le\u00e3o e emplacou o presidente do partido Paco Britto como vice-governador na chapa de Ibaneis Rocha. Chama a aten\u00e7\u00e3o Paco nunca ter brigado com o governador, diferentemente dos antecessores que ocuparam este cargo.<\/p>\n","protected":false},"excerpt":{"rendered":"<p>\u00danico partido sem nenhuma desfilia\u00e7\u00e3o at\u00e9 o momento, o Avante movimentou o Clube da Sa\u00fade nesta ter\u00e7a (29\/3) em evento que reuniu todos os pr\u00e9-candidatos e apoiadores. O partido foi o primeiro a fazer um evento deste tipo, tendo, inclusive, todos os candidatos j\u00e1 filiados. Para este ano, a estrat\u00e9gia da sigla \u00e9 repetir o [&hellip;]<\/p>\n","protected":false},"author":1,"featured_media":0,"comment_status":"open","ping_status":"open","sticky":false,"template":"","format":"standard","meta":{"footnotes":""},"categories":[],"tags":[],"class_list":["post-5545","post","type-post","status-publish","format-standard","hentry"],"_links":{"self":[{"href":"https:\/\/aguaslindasnoticias.com.br\/index.php\/wp-json\/wp\/v2\/posts\/5545","targetHints":{"allow":["GET"]}}],"collection":[{"href":"https:\/\/aguaslindasnoticias.com.br\/index.php\/wp-json\/wp\/v2\/posts"}],"about":[{"href":"https:\/\/aguaslindasnoticias.com.br\/index.php\/wp-json\/wp\/v2\/types\/post"}],"author":[{"embeddable":true,"href":"https:\/\/aguaslindasnoticias.com.br\/index.php\/wp-json\/wp\/v2\/users\/1"}],"replies":[{"embeddable":true,"href":"https:\/\/aguaslindasnoticias.com.br\/index.php\/wp-json\/wp\/v2\/comments?post=5545"}],"version-history":[{"count":0,"href":"https:\/\/aguaslindasnoticias.com.br\/index.php\/wp-json\/wp\/v2\/posts\/5545\/revisions"}],"wp:attachment":[{"href":"https:\/\/aguaslindasnoticias.com.br\/index.php\/wp-json\/wp\/v2\/media?parent=5545"}],"wp:term":[{"taxonomy":"category","embeddable":true,"href":"https:\/\/aguaslindasnoticias.com.br\/index.php\/wp-json\/wp\/v2\/categories?post=5545"},{"taxonomy":"post_tag","embeddable":true,"href":"https:\/\/aguaslindasnoticias.com.br\/index.php\/wp-json\/wp\/v2\/tags?post=5545"}],"curies":[{"name":"wp","href":"https:\/\/api.w.org\/{rel}","templated":true}]}}