{"id":5544,"date":"2023-01-04T10:13:47","date_gmt":"2023-01-04T13:13:47","guid":{"rendered":"https:\/\/aguaslindasnoticias.com.br\/index.php\/2023\/01\/04\/bolsonarista-juliana-porcaro-saboia-deve-concorrer-a-distrital-pelo-avante\/"},"modified":"2023-01-04T10:13:47","modified_gmt":"2023-01-04T13:13:47","slug":"bolsonarista-juliana-porcaro-saboia-deve-concorrer-a-distrital-pelo-avante","status":"publish","type":"post","link":"https:\/\/aguaslindasnoticias.com.br\/index.php\/2023\/01\/04\/bolsonarista-juliana-porcaro-saboia-deve-concorrer-a-distrital-pelo-avante\/","title":{"rendered":"Bolsonarista, Juliana Porcaro Saboia deve concorrer \u00e0 distrital pelo Avante"},"content":{"rendered":"\n<figure class=\"wp-block-image size-large\"><img decoding=\"async\" src=\"http:\/\/claricegulyas.com.br\/wp-content\/uploads\/2022\/03\/juliana-porcaro-saboia-eleicoes-bolsonaro-bolsonarista-advogada-df-brasilia-oab.png\" alt=\"\" class=\"wp-image-9884\"\/><\/figure>\n\n\n\n<p>A advogada bolsonarista Juliana Porcaro Saboia acaba de se filiar ao Avante e deve concorrer ao cargo de deputada distrital nestas elei\u00e7\u00f5es. O evento de lan\u00e7amento dos pr\u00e9-candidatos ocorreu nesta ter\u00e7a (29\/3), no Clube da Sa\u00fade, com a presen\u00e7a do vice-governador Paco Britto (presidente da sigla) e do deputado distrital Jo\u00e3o Cardoso (Avante).<\/p>\n\n\n\n<p>Amiga de Bia Kicis (PL) e Kelly Bolsonaro (Republicanos), a advogada ganhou repercuss\u00e3o nacional ao pedir na Justi\u00e7a o afastamento de Felipe Santa Cruz da presid\u00eancia da Ordem dos Advogados do Brasil (OAB) por uso indevido do cargo para atacar Bolsonaro (PL) e defender a ideologia de esquerda.<\/p>\n\n\n\n<p>A criminalista e membro do Conselho Nacional de Pol\u00edtica Criminal e Penitenci\u00e1ria (CNPCP) tamb\u00e9m tem despertado o interesse de partidos pol\u00edticos e apoiadores de Bolsonaro por defender o porte de arma de fogo e a investiga\u00e7\u00e3o defensiva para advogados.<\/p>\n","protected":false},"excerpt":{"rendered":"<p>A advogada bolsonarista Juliana Porcaro Saboia acaba de se filiar ao Avante e deve concorrer ao cargo de deputada distrital nestas elei\u00e7\u00f5es. O evento de lan\u00e7amento dos pr\u00e9-candidatos ocorreu nesta ter\u00e7a (29\/3), no Clube da Sa\u00fade, com a presen\u00e7a do vice-governador Paco Britto (presidente da sigla) e do deputado distrital Jo\u00e3o Cardoso (Avante). Amiga de [&hellip;]<\/p>\n","protected":false},"author":1,"featured_media":0,"comment_status":"open","ping_status":"open","sticky":false,"template":"","format":"standard","meta":{"footnotes":""},"categories":[],"tags":[],"class_list":["post-5544","post","type-post","status-publish","format-standard","hentry"],"_links":{"self":[{"href":"https:\/\/aguaslindasnoticias.com.br\/index.php\/wp-json\/wp\/v2\/posts\/5544","targetHints":{"allow":["GET"]}}],"collection":[{"href":"https:\/\/aguaslindasnoticias.com.br\/index.php\/wp-json\/wp\/v2\/posts"}],"about":[{"href":"https:\/\/aguaslindasnoticias.com.br\/index.php\/wp-json\/wp\/v2\/types\/post"}],"author":[{"embeddable":true,"href":"https:\/\/aguaslindasnoticias.com.br\/index.php\/wp-json\/wp\/v2\/users\/1"}],"replies":[{"embeddable":true,"href":"https:\/\/aguaslindasnoticias.com.br\/index.php\/wp-json\/wp\/v2\/comments?post=5544"}],"version-history":[{"count":0,"href":"https:\/\/aguaslindasnoticias.com.br\/index.php\/wp-json\/wp\/v2\/posts\/5544\/revisions"}],"wp:attachment":[{"href":"https:\/\/aguaslindasnoticias.com.br\/index.php\/wp-json\/wp\/v2\/media?parent=5544"}],"wp:term":[{"taxonomy":"category","embeddable":true,"href":"https:\/\/aguaslindasnoticias.com.br\/index.php\/wp-json\/wp\/v2\/categories?post=5544"},{"taxonomy":"post_tag","embeddable":true,"href":"https:\/\/aguaslindasnoticias.com.br\/index.php\/wp-json\/wp\/v2\/tags?post=5544"}],"curies":[{"name":"wp","href":"https:\/\/api.w.org\/{rel}","templated":true}]}}