{"id":5543,"date":"2023-01-04T10:13:47","date_gmt":"2023-01-04T13:13:47","guid":{"rendered":"https:\/\/aguaslindasnoticias.com.br\/index.php\/2023\/01\/04\/kelly-bolsonaro-se-filia-ao-republicanos-e-deve-concorrer-a-camara-dos-deputados\/"},"modified":"2023-01-04T10:13:47","modified_gmt":"2023-01-04T13:13:47","slug":"kelly-bolsonaro-se-filia-ao-republicanos-e-deve-concorrer-a-camara-dos-deputados","status":"publish","type":"post","link":"https:\/\/aguaslindasnoticias.com.br\/index.php\/2023\/01\/04\/kelly-bolsonaro-se-filia-ao-republicanos-e-deve-concorrer-a-camara-dos-deputados\/","title":{"rendered":"Kelly Bolsonaro se filia ao Republicanos e deve concorrer \u00e0 C\u00e2mara dos Deputados"},"content":{"rendered":"\n<figure class=\"wp-block-image size-large\"><img decoding=\"async\" src=\"http:\/\/claricegulyas.com.br\/wp-content\/uploads\/2022\/03\/kelly-bolsonaro-republicanos-candidata-bolsonarista-bolsonaristas-brasilia-df-distrital-federal-damares-tarcisio-direita-bsb-1024x718.jpeg\" alt=\"\" class=\"wp-image-9880\"\/><\/figure>\n\n\n\n<p>Suplente na C\u00e2mara Legislativa, Kelly Bolsonaro acaba de se filiar ao Republicanos. A cerim\u00f4nia ocorreu nesta quinta (31\/3), na sede da entidade.<\/p>\n\n\n\n<p>Ativista de direita, Kelly \u00e9 um dos principais nomes cotados por partidos apoiadores de Bolsonaro e Ibaneis Rocha. Ela deve disputar vaga na C\u00e2mara dos Deputados e ap\u00f3s deixar o PL, se alia aos ministros Tarc\u00edsio Freitas (Infraestrutura) e Damares Alves (da Mulher, da Fam\u00edlia e dos Direitos Humanos).<\/p>\n\n\n\n<p>Em 2018, Kelly Bolsonaro obteve 5.412 votos, o que lhe garantiu a posse como deputada distrital em 2019.<\/p>\n","protected":false},"excerpt":{"rendered":"<p>Suplente na C\u00e2mara Legislativa, Kelly Bolsonaro acaba de se filiar ao Republicanos. A cerim\u00f4nia ocorreu nesta quinta (31\/3), na sede da entidade. Ativista de direita, Kelly \u00e9 um dos principais nomes cotados por partidos apoiadores de Bolsonaro e Ibaneis Rocha. Ela deve disputar vaga na C\u00e2mara dos Deputados e ap\u00f3s deixar o PL, se alia [&hellip;]<\/p>\n","protected":false},"author":1,"featured_media":0,"comment_status":"open","ping_status":"open","sticky":false,"template":"","format":"standard","meta":{"footnotes":""},"categories":[],"tags":[],"class_list":["post-5543","post","type-post","status-publish","format-standard","hentry"],"_links":{"self":[{"href":"https:\/\/aguaslindasnoticias.com.br\/index.php\/wp-json\/wp\/v2\/posts\/5543","targetHints":{"allow":["GET"]}}],"collection":[{"href":"https:\/\/aguaslindasnoticias.com.br\/index.php\/wp-json\/wp\/v2\/posts"}],"about":[{"href":"https:\/\/aguaslindasnoticias.com.br\/index.php\/wp-json\/wp\/v2\/types\/post"}],"author":[{"embeddable":true,"href":"https:\/\/aguaslindasnoticias.com.br\/index.php\/wp-json\/wp\/v2\/users\/1"}],"replies":[{"embeddable":true,"href":"https:\/\/aguaslindasnoticias.com.br\/index.php\/wp-json\/wp\/v2\/comments?post=5543"}],"version-history":[{"count":0,"href":"https:\/\/aguaslindasnoticias.com.br\/index.php\/wp-json\/wp\/v2\/posts\/5543\/revisions"}],"wp:attachment":[{"href":"https:\/\/aguaslindasnoticias.com.br\/index.php\/wp-json\/wp\/v2\/media?parent=5543"}],"wp:term":[{"taxonomy":"category","embeddable":true,"href":"https:\/\/aguaslindasnoticias.com.br\/index.php\/wp-json\/wp\/v2\/categories?post=5543"},{"taxonomy":"post_tag","embeddable":true,"href":"https:\/\/aguaslindasnoticias.com.br\/index.php\/wp-json\/wp\/v2\/tags?post=5543"}],"curies":[{"name":"wp","href":"https:\/\/api.w.org\/{rel}","templated":true}]}}