{"id":5542,"date":"2023-01-04T10:13:47","date_gmt":"2023-01-04T13:13:47","guid":{"rendered":"https:\/\/aguaslindasnoticias.com.br\/index.php\/2023\/01\/04\/severino-cajazeiras-se-filia-ao-pros-para-disputar-vaga-na-camara-dos-deputados\/"},"modified":"2023-01-04T10:13:47","modified_gmt":"2023-01-04T13:13:47","slug":"severino-cajazeiras-se-filia-ao-pros-para-disputar-vaga-na-camara-dos-deputados","status":"publish","type":"post","link":"https:\/\/aguaslindasnoticias.com.br\/index.php\/2023\/01\/04\/severino-cajazeiras-se-filia-ao-pros-para-disputar-vaga-na-camara-dos-deputados\/","title":{"rendered":"Severino Cajazeiras se filia ao PROS para disputar vaga na C\u00e2mara dos Deputados"},"content":{"rendered":"\n<figure class=\"wp-block-image size-large\"><img decoding=\"async\" src=\"http:\/\/claricegulyas.com.br\/wp-content\/uploads\/2022\/03\/severino-cajazeiras-deputado-secretario-gdf-ibaneis-rocha-pros-df-eleicoes-politica-brasilia-1-1024x936.jpeg\" alt=\"\" class=\"wp-image-9877\"\/><\/figure>\n\n\n\n<p>Atual Secret\u00e1rio de Atendimento \u00e0 Comunidade, Severino Cajazeiras acaba de se filiar ao Partido Republicano da Ordem Social (PROS). Bra\u00e7o direito do governador Ibaneis Rocha, o advogado e professor deve tentar uma vaga na C\u00e2mara dos Deputados nas elei\u00e7\u00f5es deste ano.<\/p>\n\n\n\n<p>A cerim\u00f4nia de filia\u00e7\u00e3o ocorreu na manh\u00e3 desta quinta (31\/3), na sede da entidade, e contou com a presen\u00e7a do presidente da sigla Celivaldo El\u00f3i, do deputado distrital Fernando Fernandes (PROS) e pr\u00e9-candidatos a distrital e a federal.<\/p>\n\n\n\n<p>&#8220;Estou honrado e extremamente feliz em estar ladeado de grandes l\u00edderes do Distrito Federal nesta caminhada \u00e1rdua, mas gratificante! Ter o apoio do l\u00edder maior, Ibaneis Rocha , \u00e9 o combust\u00edvel para fazermos dar certo!&#8221;, disse Cajazeiras.<\/p>\n\n\n\n<p>Nas \u00faltimas elei\u00e7\u00f5es, Cajazeiras teve 3.309 votos quando concorreu a uma vaga de deputado distrital pelo Avante. O advogado j\u00e1 foi vice-presidente da OAB-DF e professor de direito tribut\u00e1rio de Ibaneis.<\/p>\n","protected":false},"excerpt":{"rendered":"<p>Atual Secret\u00e1rio de Atendimento \u00e0 Comunidade, Severino Cajazeiras acaba de se filiar ao Partido Republicano da Ordem Social (PROS). Bra\u00e7o direito do governador Ibaneis Rocha, o advogado e professor deve tentar uma vaga na C\u00e2mara dos Deputados nas elei\u00e7\u00f5es deste ano. A cerim\u00f4nia de filia\u00e7\u00e3o ocorreu na manh\u00e3 desta quinta (31\/3), na sede da entidade, [&hellip;]<\/p>\n","protected":false},"author":1,"featured_media":0,"comment_status":"open","ping_status":"open","sticky":false,"template":"","format":"standard","meta":{"footnotes":""},"categories":[],"tags":[],"class_list":["post-5542","post","type-post","status-publish","format-standard","hentry"],"_links":{"self":[{"href":"https:\/\/aguaslindasnoticias.com.br\/index.php\/wp-json\/wp\/v2\/posts\/5542","targetHints":{"allow":["GET"]}}],"collection":[{"href":"https:\/\/aguaslindasnoticias.com.br\/index.php\/wp-json\/wp\/v2\/posts"}],"about":[{"href":"https:\/\/aguaslindasnoticias.com.br\/index.php\/wp-json\/wp\/v2\/types\/post"}],"author":[{"embeddable":true,"href":"https:\/\/aguaslindasnoticias.com.br\/index.php\/wp-json\/wp\/v2\/users\/1"}],"replies":[{"embeddable":true,"href":"https:\/\/aguaslindasnoticias.com.br\/index.php\/wp-json\/wp\/v2\/comments?post=5542"}],"version-history":[{"count":0,"href":"https:\/\/aguaslindasnoticias.com.br\/index.php\/wp-json\/wp\/v2\/posts\/5542\/revisions"}],"wp:attachment":[{"href":"https:\/\/aguaslindasnoticias.com.br\/index.php\/wp-json\/wp\/v2\/media?parent=5542"}],"wp:term":[{"taxonomy":"category","embeddable":true,"href":"https:\/\/aguaslindasnoticias.com.br\/index.php\/wp-json\/wp\/v2\/categories?post=5542"},{"taxonomy":"post_tag","embeddable":true,"href":"https:\/\/aguaslindasnoticias.com.br\/index.php\/wp-json\/wp\/v2\/tags?post=5542"}],"curies":[{"name":"wp","href":"https:\/\/api.w.org\/{rel}","templated":true}]}}