{"id":5541,"date":"2023-01-04T10:13:47","date_gmt":"2023-01-04T13:13:47","guid":{"rendered":"https:\/\/aguaslindasnoticias.com.br\/index.php\/2023\/01\/04\/camara-aprova-correcao-nos-salarios-de-servidores-do-ibram\/"},"modified":"2023-01-04T10:13:47","modified_gmt":"2023-01-04T13:13:47","slug":"camara-aprova-correcao-nos-salarios-de-servidores-do-ibram","status":"publish","type":"post","link":"https:\/\/aguaslindasnoticias.com.br\/index.php\/2023\/01\/04\/camara-aprova-correcao-nos-salarios-de-servidores-do-ibram\/","title":{"rendered":"C\u00e2mara aprova corre\u00e7\u00e3o nos sal\u00e1rios de servidores do Ibram"},"content":{"rendered":"\n<p>Foto: Carlos Gandra\/CLDF<\/p>\n\n\n\n<figure class=\"wp-block-image\"><img decoding=\"async\" src=\"https:\/\/www.cl.df.gov.br\/documents\/10162\/25692140\/DSC_4621.jpg\/6a728586-e609-1527-def2-24e670548b5c?t=1648683208663\" alt=\"Servidores do Instituto Bras\u00edlia Ambiental acompanharam a vota\u00e7\u00e3o nas galerias desde o in\u00edcio da sess\u00e3o\"\/><\/figure>\n\n\n\n<p>Servidores do Instituto Bras\u00edlia Ambiental acompanharam a vota\u00e7\u00e3o nas galerias desde o in\u00edcio da sess\u00e3o<\/p>\n\n\n\n<p>Os deputados distritais aprovaram na noite desta quarta-feira (30), em sess\u00e3o ordin\u00e1ria da C\u00e2mara Legislativa, o projeto de lei n\u00ba 2.651\/2022, do Executivo, que altera dispositivos da Lei n\u00ba 5.188\/2013, que reestruturou a remunera\u00e7\u00e3o da carreira de Atividades do Meio Ambiente. Na pr\u00e1tica, a proposta corrige uma distor\u00e7\u00e3o nos sal\u00e1rios de servidores do Instituto Bras\u00edlia Ambiental (Ibram).<\/p>\n\n\n\n<p>O texto foi aprovado com 17 votos favor\u00e1veis e segue \u00e0 san\u00e7\u00e3o do governador Ibaneis Rocha. Segundo a justificativa do governo, em 2013, a remunera\u00e7\u00e3o de integrantes da carreira de Atividades do Meio Ambiente com especialidades nas \u00e1reas de arquitetura e urbanismo, engenharia, geografia, geologia, meteorologia, edifica\u00e7\u00f5es, seguran\u00e7a do trabalho, topografia e os agentes de Unidades de Conserva\u00e7\u00e3o passaram a ser vinculadas \u00e0s da carreira de Planejamento e Gest\u00e3o Urbana e Regional do Distrito Federal.<\/p>\n\n\n\n<p>Na pr\u00e1tica, tal situa\u00e7\u00e3o resultou na concess\u00e3o de um reajuste real somente para os servidores com estas especialidades, criando uma distor\u00e7\u00e3o nos sal\u00e1rios dos servidores de Atividades do Meio Ambiente, com remunera\u00e7\u00f5es cerca de 20% \u00e0 maior em favor daqueles com forma\u00e7\u00e3o nestas especialidades.&nbsp;<br>&nbsp;<\/p>\n\n\n\n<p><img decoding=\"async\" width=\"538\" src=\"https:\/\/www.cl.df.gov.br\/documents\/10162\/25691162\/2211233CG+%2827%29.jpg\/f0720255-e7f7-8260-c4d0-4acd7cd1e62b?t=1648672848070\"><br>Com a aprova\u00e7\u00e3o do projeto est\u00e1 distor\u00e7\u00e3o ser\u00e1 reparada. \u201cOs demais servidores do Bras\u00edlia Ambiental, a despeito da interdisciplinaridade inerente \u00e0s atividades desenvolvidas na autarquia, v\u00eam recebendo sal\u00e1rios 20% \u00e0 menor desde ent\u00e3o, embora todos os servidores do \u00f3rg\u00e3o tenham sido admitidos mediante o mesmo concurso p\u00fablico\u201d, argumentou o GDF.<\/p>\n\n\n\n<p><strong>Lu\u00eds Cl\u00e1udio Alves &#8211; Ag\u00eancia CLDF<\/strong><\/p>\n","protected":false},"excerpt":{"rendered":"<p>Foto: Carlos Gandra\/CLDF Servidores do Instituto Bras\u00edlia Ambiental acompanharam a vota\u00e7\u00e3o nas galerias desde o in\u00edcio da sess\u00e3o Os deputados distritais aprovaram na noite desta quarta-feira (30), em sess\u00e3o ordin\u00e1ria da C\u00e2mara Legislativa, o projeto de lei n\u00ba 2.651\/2022, do Executivo, que altera dispositivos da Lei n\u00ba 5.188\/2013, que reestruturou a remunera\u00e7\u00e3o da carreira de [&hellip;]<\/p>\n","protected":false},"author":1,"featured_media":0,"comment_status":"open","ping_status":"open","sticky":false,"template":"","format":"standard","meta":{"footnotes":""},"categories":[],"tags":[],"class_list":["post-5541","post","type-post","status-publish","format-standard","hentry"],"_links":{"self":[{"href":"https:\/\/aguaslindasnoticias.com.br\/index.php\/wp-json\/wp\/v2\/posts\/5541","targetHints":{"allow":["GET"]}}],"collection":[{"href":"https:\/\/aguaslindasnoticias.com.br\/index.php\/wp-json\/wp\/v2\/posts"}],"about":[{"href":"https:\/\/aguaslindasnoticias.com.br\/index.php\/wp-json\/wp\/v2\/types\/post"}],"author":[{"embeddable":true,"href":"https:\/\/aguaslindasnoticias.com.br\/index.php\/wp-json\/wp\/v2\/users\/1"}],"replies":[{"embeddable":true,"href":"https:\/\/aguaslindasnoticias.com.br\/index.php\/wp-json\/wp\/v2\/comments?post=5541"}],"version-history":[{"count":0,"href":"https:\/\/aguaslindasnoticias.com.br\/index.php\/wp-json\/wp\/v2\/posts\/5541\/revisions"}],"wp:attachment":[{"href":"https:\/\/aguaslindasnoticias.com.br\/index.php\/wp-json\/wp\/v2\/media?parent=5541"}],"wp:term":[{"taxonomy":"category","embeddable":true,"href":"https:\/\/aguaslindasnoticias.com.br\/index.php\/wp-json\/wp\/v2\/categories?post=5541"},{"taxonomy":"post_tag","embeddable":true,"href":"https:\/\/aguaslindasnoticias.com.br\/index.php\/wp-json\/wp\/v2\/tags?post=5541"}],"curies":[{"name":"wp","href":"https:\/\/api.w.org\/{rel}","templated":true}]}}