{"id":5539,"date":"2023-01-04T10:13:47","date_gmt":"2023-01-04T13:13:47","guid":{"rendered":"https:\/\/aguaslindasnoticias.com.br\/index.php\/2023\/01\/04\/aprovada-reestruturacao-do-slu\/"},"modified":"2023-01-04T10:13:47","modified_gmt":"2023-01-04T13:13:47","slug":"aprovada-reestruturacao-do-slu","status":"publish","type":"post","link":"https:\/\/aguaslindasnoticias.com.br\/index.php\/2023\/01\/04\/aprovada-reestruturacao-do-slu\/","title":{"rendered":"Aprovada reestrutura\u00e7\u00e3o do SLU"},"content":{"rendered":"\n<p>Foto: Gabriel Jabur\/Ag\u00eancia Bras\u00edlia<\/p>\n\n\n\n<figure class=\"wp-block-image\"><img decoding=\"async\" src=\"https:\/\/www.cl.df.gov.br\/documents\/10162\/25630419\/22333784986_439a34496d_c.jpg\/73bae15a-1715-bc54-651a-edaf12963ce1?t=1648688168964\" alt=\"Entre as emendas acatadas est\u00e1 a que assegura cargos privativos para\u00a0servidores efetivos do \u00f3rg\u00e3o\"\/><\/figure>\n\n\n\n<p>Entre as emendas acatadas est\u00e1 a que assegura cargos privativos para&nbsp;servidores efetivos do \u00f3rg\u00e3o<\/p>\n\n\n\n<p>A estrutura administrativa do Servi\u00e7o Limpeza Urbana do Distrito Federal (SLU) passou por v\u00e1rias altera\u00e7\u00f5es nos \u00faltimos anos, quando a autarquia passou de executora de servi\u00e7os para gerenciadora da limpeza p\u00fablica e do manejo dos res\u00edduos s\u00f3lidos. Com o intuito de adequar o \u00f3rg\u00e3o \u00e0s crescentes demandas, o GDF enviou ao Legislativo local o projeto de lei n\u00ba 2.650\/22, que reestrutura o SLU, extinguindo cargos antigos e criando novos. O texto foi aprovado, com emendas, pelo plen\u00e1rio da C\u00e2mara Legislativa na noite desta quarta-feira (30).<\/p>\n\n\n\n<p>\u201cA estrutura vigente n\u00e3o est\u00e1 adequada e se apresenta insuficiente para monitorar e fiscalizar os servi\u00e7os de limpeza urbana prestados pelas empresas terceirizadas &#8211; gerenciar o manejo dos res\u00edduos s\u00f3lidos &#8211; bem como mostra-se insuficiente para alcan\u00e7ar resultados mais expressivos no que tange \u00e0&nbsp;efic\u00e1cia administrativa\u201d, afirma o texto que acompanha o projeto.<\/p>\n\n\n\n<p>Entre as emendas acatadas est\u00e1 a que assegura cargos privativos para&nbsp;servidores efetivos do \u00f3rg\u00e3o.<\/p>\n\n\n\n<p><strong>Denise Caputo &#8211; Ag\u00eancia CLDF<\/strong><\/p>\n","protected":false},"excerpt":{"rendered":"<p>Foto: Gabriel Jabur\/Ag\u00eancia Bras\u00edlia Entre as emendas acatadas est\u00e1 a que assegura cargos privativos para&nbsp;servidores efetivos do \u00f3rg\u00e3o A estrutura administrativa do Servi\u00e7o Limpeza Urbana do Distrito Federal (SLU) passou por v\u00e1rias altera\u00e7\u00f5es nos \u00faltimos anos, quando a autarquia passou de executora de servi\u00e7os para gerenciadora da limpeza p\u00fablica e do manejo dos res\u00edduos s\u00f3lidos. [&hellip;]<\/p>\n","protected":false},"author":1,"featured_media":0,"comment_status":"open","ping_status":"open","sticky":false,"template":"","format":"standard","meta":{"footnotes":""},"categories":[],"tags":[],"class_list":["post-5539","post","type-post","status-publish","format-standard","hentry"],"_links":{"self":[{"href":"https:\/\/aguaslindasnoticias.com.br\/index.php\/wp-json\/wp\/v2\/posts\/5539","targetHints":{"allow":["GET"]}}],"collection":[{"href":"https:\/\/aguaslindasnoticias.com.br\/index.php\/wp-json\/wp\/v2\/posts"}],"about":[{"href":"https:\/\/aguaslindasnoticias.com.br\/index.php\/wp-json\/wp\/v2\/types\/post"}],"author":[{"embeddable":true,"href":"https:\/\/aguaslindasnoticias.com.br\/index.php\/wp-json\/wp\/v2\/users\/1"}],"replies":[{"embeddable":true,"href":"https:\/\/aguaslindasnoticias.com.br\/index.php\/wp-json\/wp\/v2\/comments?post=5539"}],"version-history":[{"count":0,"href":"https:\/\/aguaslindasnoticias.com.br\/index.php\/wp-json\/wp\/v2\/posts\/5539\/revisions"}],"wp:attachment":[{"href":"https:\/\/aguaslindasnoticias.com.br\/index.php\/wp-json\/wp\/v2\/media?parent=5539"}],"wp:term":[{"taxonomy":"category","embeddable":true,"href":"https:\/\/aguaslindasnoticias.com.br\/index.php\/wp-json\/wp\/v2\/categories?post=5539"},{"taxonomy":"post_tag","embeddable":true,"href":"https:\/\/aguaslindasnoticias.com.br\/index.php\/wp-json\/wp\/v2\/tags?post=5539"}],"curies":[{"name":"wp","href":"https:\/\/api.w.org\/{rel}","templated":true}]}}