{"id":5535,"date":"2023-01-04T10:13:38","date_gmt":"2023-01-04T13:13:38","guid":{"rendered":"https:\/\/aguaslindasnoticias.com.br\/index.php\/2023\/01\/04\/procuradoria-da-mulher-celebra-acoes-de-planejamento-familiar-reprodutivo-como-a-insercao-de-diu\/"},"modified":"2023-01-04T10:13:38","modified_gmt":"2023-01-04T13:13:38","slug":"procuradoria-da-mulher-celebra-acoes-de-planejamento-familiar-reprodutivo-como-a-insercao-de-diu","status":"publish","type":"post","link":"https:\/\/aguaslindasnoticias.com.br\/index.php\/2023\/01\/04\/procuradoria-da-mulher-celebra-acoes-de-planejamento-familiar-reprodutivo-como-a-insercao-de-diu\/","title":{"rendered":"Procuradoria da Mulher celebra a\u00e7\u00f5es de planejamento familiar reprodutivo, como a inser\u00e7\u00e3o de DIU"},"content":{"rendered":"\n<p>Foto: Carlos Gandra\/CLDF<\/p>\n\n\n\n<figure class=\"wp-block-image\"><img decoding=\"async\" src=\"https:\/\/www.cl.df.gov.br\/documents\/10162\/25672461\/2211229CG+%2846%29Keysiane+Lima%28repres.+das+mulheres+beneficiadas+pelas+a%C3%A7%C3%B5es%29.jpg\/4e01e6fa-d22e-ea7b-50f1-76fde1a62df7?t=1648243675543\" alt=\"A representante das beneficiadas pelas a\u00e7\u00f5es da Procuradoria da Mulher, Keyciane Lima, relatou as dificuldades de acesso a equipamentos p\u00fablicos de sa\u00fade e mecanismos de planejamento familiar\"\/><\/figure>\n\n\n\n<p>A representante das beneficiadas pelas a\u00e7\u00f5es da Procuradoria da Mulher, Keyciane Lima, relatou as dificuldades de acesso a equipamentos p\u00fablicos de sa\u00fade e mecanismos de planejamento familiar<\/p>\n\n\n\n<p>\u00c0 frente da Procuradoria Especial da Mulher da C\u00e2mara Legislativa, a deputada&nbsp;<a href=\"https:\/\/www.cl.df.gov.br\/web\/guest\/julia-lucy-2019-2022\">J\u00falia Lucy<\/a>&nbsp;(sem partido) celebrou, em sess\u00e3o solene na tarde desta sexta-feira (25) no plen\u00e1rio, as parcerias que viabilizaram a\u00e7\u00f5es de Planejamento Familiar Reprodutivo, como a inser\u00e7\u00e3o de dispositivos intrauterinos (DIU) em mulheres em situa\u00e7\u00e3o de vulnerabilidade. Durante o evento, transmitido ao vivo pela TV C\u00e2mara Distrital (canal 9.3) e&nbsp;<a href=\"https:\/\/www.cl.df.gov.br\/#_com_liferay_iframe_web_portlet_IFramePortlet_INSTANCE_4TZWTjvQQ7MY_=25044820\">YouTube<\/a>, a parlamentar destacou a coopera\u00e7\u00e3o do Grupo Mulheres do Brasil DF, entre outras institui\u00e7\u00f5es parceiras.<\/p>\n\n\n\n<p>\u201cHoje \u00e9 a celebra\u00e7\u00e3o de uma vit\u00f3ria\u201d, disse Lucy, ao citar as cem mulheres beneficiadas com a coloca\u00e7\u00e3o de DIU. Para ela, todas as mulheres devem ter acesso a m\u00e9todos anticonceptivos e a liberdade de decidir quantos filhos desejam e o momento de t\u00ea-los.&nbsp;<\/p>\n\n\n\n<p>\u201cA gravidez n\u00e3o planejada, principalmente durante a adolesc\u00eancia, \u00e9 um grav\u00edssimo problema social\u201d, considerou, ao argumentar por pol\u00edticas p\u00fablicas de aux\u00edlio ao planejamento familiar e de concess\u00e3o de m\u00e9todos anticonceptivos. \u201cFui m\u00e3e na adolesc\u00eancia e foi muito dif\u00edcil conciliar a maternidade precoce com os anseios de crescimento profissional\u201d, testemunhou Lucy, que defendeu o enfrentamento da quest\u00e3o de forma transparente e sem tabus.<\/p>\n\n\n\n<p>Segundo a parlamentar, a a\u00e7\u00e3o de distribui\u00e7\u00e3o de DIU em localidades do DF, a exemplo da Cidade Estrutural, enfrentou diversos problemas, como a dificuldade de acesso a m\u00e9todos anticoncepcionais e a exist\u00eancia de grupos, religiosos inclusive, que n\u00e3o aceitam mudan\u00e7as e avan\u00e7os nas pautas ligadas \u00e0 mulher e \u00e0 sa\u00fade reprodutiva. Superados os obst\u00e1culos, as a\u00e7\u00f5es s\u00e3o \u201cmotivos de orgulho para mim\u201d, comemorou.&nbsp;<br>&nbsp;<\/p>\n\n\n\n<figure class=\"wp-block-image\"><img decoding=\"async\" src=\"https:\/\/www.cl.df.gov.br\/documents\/10162\/25672461\/2211229CG+%2820%29.jpg\/072c7c1b-9328-295e-859a-107479e8a389?t=1648243674933\" alt=\"\"\/><\/figure>\n\n\n\n<p>A vice-presidente do Conselho Consultivo do Grupo Mulheres do Brasil DF, Gl\u00f3ria Guimar\u00e3es, parabenizou as a\u00e7\u00f5es de planejamento familiar reprodutivo. Ela informou que o grupo tem vi\u00e9s suprapartid\u00e1rio e abarca, no DF, mais de mil mulheres atuantes que apoiam pol\u00edticas afirmativas e impulsionam projetos em benef\u00edcio das mulheres. A l\u00edder do Comit\u00ea Sa\u00fade do Mulheres do Brasil, a m\u00e9dica Lucila Nagata, descreveu o engajamento do grupo ao projeto da Procuradoria da Mulher.<\/p>\n\n\n\n<p>Respons\u00e1vel t\u00e9cnica pelas a\u00e7\u00f5es, a m\u00e9dica relatou que foram inseridos 55 DIUs em pacientes, sendo que at\u00e9 o final de abril esse montante chegar\u00e1 a uma centena. As a\u00e7\u00f5es tamb\u00e9m envolvem o acompanhamento dessas pacientes durante cinco anos, al\u00e9m de exames preventivos de c\u00e2ncer.&nbsp;<\/p>\n\n\n\n<p>Tamb\u00e9m defensor da pauta do planejamento familiar reprodutivo, o m\u00e9dico ginecologista Adriano Bueno Tavares comemorou a parceria com a&nbsp;Procuradoria. Por outro lado, ele lamentou a falta de oferta do DIU na Aten\u00e7\u00e3o B\u00e1sica da Secretaria de Sa\u00fade do DF de forma cont\u00ednua. Embora seja um m\u00e9todo anticonceptivo existente h\u00e1 cinquenta anos no SUS, ele \u00e9 ofertado de forma espor\u00e1dica no DF, onde existem mulheres que aguardam pelo dispositivo h\u00e1 mais de dois anos, protestou.&nbsp;<\/p>\n\n\n\n<p>Entre os diversos parceiros que se manifestaram no evento, a representante do Instituto de Planejamento Familiar (IPF), Luiza Rodrigues, chamou a aten\u00e7\u00e3o para a falta de informa\u00e7\u00e3o e de educa\u00e7\u00e3o junto aos jovens com rela\u00e7\u00e3o \u00e0 tem\u00e1tica. J\u00e1 o diretor de Rela\u00e7\u00f5es com a Comunidade da Associa\u00e7\u00e3o M\u00e9dica de Bras\u00edlia, Adilson Oliveira, sugeriu cartilhas educativas para o uso de coletor menstrual. Por sua vez, a coordenadora do curso de Medicina da Unieuro, Andr\u00e9a Amoras, discorreu sobre o desafio de unir educa\u00e7\u00e3o e sa\u00fade, com a\u00e7\u00f5es voltadas \u00e0 \u201cmudan\u00e7a de atitude\u201d.&nbsp;<br><br>Em nome da Secretaria de Sa\u00fade do DF, a diretora do Hospital Regional da Asa Norte, Mariana Alcazas, refor\u00e7ou a import\u00e2ncia do planejamento familiar, que implica, segundo ela, amplas quest\u00f5es de sa\u00fade p\u00fablica, como controle da natalidade, redu\u00e7\u00e3o do aborto e prote\u00e7\u00e3o da crian\u00e7a.&nbsp;<\/p>\n\n\n\n<p><strong>Agradecimento<\/strong><\/p>\n\n\n\n<p>A representante das mulheres beneficiadas pelas a\u00e7\u00f5es da Procuradoria da Mulher, Keyciane Lima, relatou as dificuldades de acesso a equipamentos p\u00fablicos de sa\u00fade e mecanismos de planejamento familiar. Integrante de cooperativa de catadores de materiais recicl\u00e1veis, Lima agradeceu a oportunidade de inser\u00e7\u00e3o do DIU e de reflex\u00e3o sobre a sa\u00fade da mulher.&nbsp;<\/p>\n\n\n\n<p>Ao t\u00e9rmino do evento, v\u00e1rios parceiros das a\u00e7\u00f5es de planejamento familiar foram homenageados com certificados.&nbsp;<br>&nbsp;<\/p>\n\n\n\n<p><strong>Franci Moraes &#8211; Ag\u00eancia CLDF<\/strong><\/p>\n","protected":false},"excerpt":{"rendered":"<p>Foto: Carlos Gandra\/CLDF A representante das beneficiadas pelas a\u00e7\u00f5es da Procuradoria da Mulher, Keyciane Lima, relatou as dificuldades de acesso a equipamentos p\u00fablicos de sa\u00fade e mecanismos de planejamento familiar \u00c0 frente da Procuradoria Especial da Mulher da C\u00e2mara Legislativa, a deputada&nbsp;J\u00falia Lucy&nbsp;(sem partido) celebrou, em sess\u00e3o solene na tarde desta sexta-feira (25) no plen\u00e1rio, [&hellip;]<\/p>\n","protected":false},"author":1,"featured_media":0,"comment_status":"open","ping_status":"open","sticky":false,"template":"","format":"standard","meta":{"footnotes":""},"categories":[],"tags":[],"class_list":["post-5535","post","type-post","status-publish","format-standard","hentry"],"_links":{"self":[{"href":"https:\/\/aguaslindasnoticias.com.br\/index.php\/wp-json\/wp\/v2\/posts\/5535","targetHints":{"allow":["GET"]}}],"collection":[{"href":"https:\/\/aguaslindasnoticias.com.br\/index.php\/wp-json\/wp\/v2\/posts"}],"about":[{"href":"https:\/\/aguaslindasnoticias.com.br\/index.php\/wp-json\/wp\/v2\/types\/post"}],"author":[{"embeddable":true,"href":"https:\/\/aguaslindasnoticias.com.br\/index.php\/wp-json\/wp\/v2\/users\/1"}],"replies":[{"embeddable":true,"href":"https:\/\/aguaslindasnoticias.com.br\/index.php\/wp-json\/wp\/v2\/comments?post=5535"}],"version-history":[{"count":0,"href":"https:\/\/aguaslindasnoticias.com.br\/index.php\/wp-json\/wp\/v2\/posts\/5535\/revisions"}],"wp:attachment":[{"href":"https:\/\/aguaslindasnoticias.com.br\/index.php\/wp-json\/wp\/v2\/media?parent=5535"}],"wp:term":[{"taxonomy":"category","embeddable":true,"href":"https:\/\/aguaslindasnoticias.com.br\/index.php\/wp-json\/wp\/v2\/categories?post=5535"},{"taxonomy":"post_tag","embeddable":true,"href":"https:\/\/aguaslindasnoticias.com.br\/index.php\/wp-json\/wp\/v2\/tags?post=5535"}],"curies":[{"name":"wp","href":"https:\/\/api.w.org\/{rel}","templated":true}]}}