{"id":5534,"date":"2023-01-04T10:13:38","date_gmt":"2023-01-04T13:13:38","guid":{"rendered":"https:\/\/aguaslindasnoticias.com.br\/index.php\/2023\/01\/04\/preconceito-ainda-e-um-dos-maiores-obstaculos-para-pessoas-com-sindrome-de-down\/"},"modified":"2023-01-04T10:13:38","modified_gmt":"2023-01-04T13:13:38","slug":"preconceito-ainda-e-um-dos-maiores-obstaculos-para-pessoas-com-sindrome-de-down","status":"publish","type":"post","link":"https:\/\/aguaslindasnoticias.com.br\/index.php\/2023\/01\/04\/preconceito-ainda-e-um-dos-maiores-obstaculos-para-pessoas-com-sindrome-de-down\/","title":{"rendered":"Preconceito ainda \u00e9 um dos maiores obst\u00e1culos para pessoas com S\u00edndrome de Down"},"content":{"rendered":"\n<p>e Down (CrisDown), chamou a aten\u00e7\u00e3o para a import\u00e2ncia da fam\u00edlia no desenvolvimento das pessoas com trissomia do 21. Para ela, ver a crian\u00e7a como capaz \u201cfaz toda a diferen\u00e7a\u201d. O CrisDown, informou a profissional, funciona h\u00e1 nove anos no Hospital da Asa Norte (Hran), e atende duas mil pessoas, desde gestantes com fetos diagnosticados com a s\u00edndrome at\u00e9 adultos com Down. Lima ressalta que, com oportunidade, essas pessoas t\u00eam conquistado vagas de trabalho, moram sozinhas e ganham autonomia.&nbsp;<\/p>\n\n\n\n<p>Diva da Silva Maria, presidente da Apae\/DF, contou sua experi\u00eancia pessoal como m\u00e3e de um homem de 50 anos que tem S\u00edndrome de Down: \u201cEle tem quase 19 anos de contribui\u00e7\u00e3o no INSS, j\u00e1 trabalhou na C\u00e2mara dos Deputados, no McDonald\u2019s. A fam\u00edlia tem que apoiar e acreditar que aquela pessoa \u00e9 capaz. A fam\u00edlia \u00e9 a base fundamental para as pessoas com defici\u00eancias intelectuais\u201d.<\/p>\n\n\n\n<p><strong>A fun\u00e7\u00e3o do Estado<\/strong><\/p>\n\n\n\n<p><img decoding=\"async\" width=\"416\" src=\"https:\/\/www.cl.df.gov.br\/documents\/10162\/25681937\/DSC_2566.jpg\/411bc2d9-96c9-6947-77dc-bc456b00520f?t=1648481226431\">M\u00e3e da menina Giovana, que acompanhou a audi\u00eancia sentada \u00e0 mesa de discuss\u00e3o, Cl\u00e9o Bohn tamb\u00e9m ressaltou a import\u00e2ncia da fam\u00edlia no processo de inclus\u00e3o. Ela destacou que essa responsabilidade est\u00e1 prevista, inclusive, em lei, ao lado do papel do Estado e da sociedade. Bohn elogiou o fato de o Distrito Federal ter uma Secretaria da Pessoa com Defici\u00eancia, mas acrescentou: \u201cEla ainda \u00e9 extraordin\u00e1ria, precisamos lutar para que tenha or\u00e7amento pr\u00f3prio\u201d.<\/p>\n\n\n\n<p>Jos\u00e9 Fa\u00e7anha tamb\u00e9m falou da responsabilidade do Estado com as pessoas com Down. Ele reclamou da n\u00e3o-implementa\u00e7\u00e3o de v\u00e1rias pol\u00edticas p\u00fablicas correlatas. \u201cAs leis existem, elas precisam ser executadas. A lei n\u00e3o \u00e9 uma esmola, ela precisa ser cumprida\u201d, frisou.<\/p>\n\n\n\n<p>O secret\u00e1rio da Pessoa com Defici\u00eancia do DF, Fl\u00e1vio Pereira dos Santos, argumentou que a secretaria \u00e9 nova, mas que tem como \u201cmiss\u00e3o\u201d mudar a situa\u00e7\u00e3o das pessoas com todos os tipos de defici\u00eancia. Ele elencou a\u00e7\u00f5es em v\u00e1rias \u00e1reas (esportes, mobilidade, emprego etc.) voltadas para diversos segmentos. Ao parabenizar os que militam pelos direitos das pessoas com Down, disse: \u201cDiariamente, essa tem\u00e1tica deve ser vista, valorizada e trabalhada, para que os direitos sejam garantidos e a cidadania efetivada\u201d.<\/p>\n\n\n\n<p><img decoding=\"async\" width=\"359\" src=\"https:\/\/www.cl.df.gov.br\/documents\/10162\/25681937\/DSC_2556.jpg\/a94d088f-4b27-1229-414c-c8194906ec08?t=1648481226072\">A audi\u00eancia foi presidida pelo deputado Iolando (MDB), que tem como uma das principais bandeiras a inclus\u00e3o social das pessoas com defici\u00eancia. \u201cDemos um bom passo nesses tr\u00eas anos. As pessoas com defici\u00eancia est\u00e3o ocupando mais espa\u00e7os, e vamos continuar lutando por mais representatividade e respeito\u201d, afirmou o distrital.<\/p>\n\n\n\n<p><strong>Data comemorativa<\/strong><\/p>\n\n\n\n<p>O dia 21\/03 n\u00e3o foi escolhido, por acaso, para a conscientiza\u00e7\u00e3o sobre a S\u00edndrome de Down: as pessoas com essa muta\u00e7\u00e3o gen\u00e9tica possuem tr\u00eas cromossomos 21, em vez de dois. A data foi criada em 2006 pela organiza\u00e7\u00e3o Down Syndrome International (DSI), do Reino Unido. O tema deste ano foi: \u201cO que significa a inclus\u00e3o?\u201d. Segundo o IBGE, h\u00e1 cerca de 300 mil brasileiros com a trissomia do 21.<\/p>\n\n\n\n<p><strong>Denise Caputo &#8211; Ag\u00eancia CLDF<\/strong><\/p>\n","protected":false},"excerpt":{"rendered":"<p>e Down (CrisDown), chamou a aten\u00e7\u00e3o para a import\u00e2ncia da fam\u00edlia no desenvolvimento das pessoas com trissomia do 21. Para ela, ver a crian\u00e7a como capaz \u201cfaz toda a diferen\u00e7a\u201d. O CrisDown, informou a profissional, funciona h\u00e1 nove anos no Hospital da Asa Norte (Hran), e atende duas mil pessoas, desde gestantes com fetos diagnosticados [&hellip;]<\/p>\n","protected":false},"author":1,"featured_media":0,"comment_status":"open","ping_status":"open","sticky":false,"template":"","format":"standard","meta":{"footnotes":""},"categories":[],"tags":[],"class_list":["post-5534","post","type-post","status-publish","format-standard","hentry"],"_links":{"self":[{"href":"https:\/\/aguaslindasnoticias.com.br\/index.php\/wp-json\/wp\/v2\/posts\/5534","targetHints":{"allow":["GET"]}}],"collection":[{"href":"https:\/\/aguaslindasnoticias.com.br\/index.php\/wp-json\/wp\/v2\/posts"}],"about":[{"href":"https:\/\/aguaslindasnoticias.com.br\/index.php\/wp-json\/wp\/v2\/types\/post"}],"author":[{"embeddable":true,"href":"https:\/\/aguaslindasnoticias.com.br\/index.php\/wp-json\/wp\/v2\/users\/1"}],"replies":[{"embeddable":true,"href":"https:\/\/aguaslindasnoticias.com.br\/index.php\/wp-json\/wp\/v2\/comments?post=5534"}],"version-history":[{"count":0,"href":"https:\/\/aguaslindasnoticias.com.br\/index.php\/wp-json\/wp\/v2\/posts\/5534\/revisions"}],"wp:attachment":[{"href":"https:\/\/aguaslindasnoticias.com.br\/index.php\/wp-json\/wp\/v2\/media?parent=5534"}],"wp:term":[{"taxonomy":"category","embeddable":true,"href":"https:\/\/aguaslindasnoticias.com.br\/index.php\/wp-json\/wp\/v2\/categories?post=5534"},{"taxonomy":"post_tag","embeddable":true,"href":"https:\/\/aguaslindasnoticias.com.br\/index.php\/wp-json\/wp\/v2\/tags?post=5534"}],"curies":[{"name":"wp","href":"https:\/\/api.w.org\/{rel}","templated":true}]}}