{"id":5532,"date":"2023-01-04T10:13:38","date_gmt":"2023-01-04T13:13:38","guid":{"rendered":"https:\/\/aguaslindasnoticias.com.br\/index.php\/2023\/01\/04\/deputados-anunciam-seus-novos-partidos-para-as-eleicoes-deste-ano\/"},"modified":"2023-01-04T10:13:38","modified_gmt":"2023-01-04T13:13:38","slug":"deputados-anunciam-seus-novos-partidos-para-as-eleicoes-deste-ano","status":"publish","type":"post","link":"https:\/\/aguaslindasnoticias.com.br\/index.php\/2023\/01\/04\/deputados-anunciam-seus-novos-partidos-para-as-eleicoes-deste-ano\/","title":{"rendered":"Deputados anunciam seus novos partidos para as elei\u00e7\u00f5es deste ano"},"content":{"rendered":"\n<p>Foto: Divulga\u00e7\u00e3o\/CLDF<\/p>\n\n\n\n<figure class=\"wp-block-image\"><img decoding=\"async\" src=\"https:\/\/www.cl.df.gov.br\/documents\/10162\/25687230\/dep2.jpg\/b1f40abc-dee5-a964-2f2f-c55b7ef3116b?t=1648587705131\" alt=\"J\u00falia Lucy anunciou filia\u00e7\u00e3o ao Uni\u00e3o Brasil, j\u00e1 Reginaldo Veras revelou seu ingresso no Partido Verde\"\/><\/figure>\n\n\n\n<p>J\u00falia Lucy anunciou filia\u00e7\u00e3o ao Uni\u00e3o Brasil, j\u00e1 Reginaldo Veras revelou seu ingresso no Partido Verde<\/p>\n\n\n\n<p>A sess\u00e3o ordin\u00e1ria da C\u00e2mara Legislativa desta ter\u00e7a-feira (29) foi aberta com discursos de deputados distritais que anunciaram seus novos partidos com vistas \u00e0s elei\u00e7\u00f5es deste ano. O deputado Prof. Reginaldo Veras (PV) exp\u00f4s os motivos que o levaram a deixar o Partido Democr\u00e1tico Trabalhista (PDT) para se filiar ao Partido Verde (PV). \u201cSinto tristeza porque estou deixando o PDT. Na verdade, por mim eu continuaria l\u00e1, mas a nova legisla\u00e7\u00e3o eleitoral imp\u00f4s uma realidade para os candidatos e a gente tem que se adequar a ela\u201d, explicou.<\/p>\n\n\n\n<p>Veras disse ainda que recebeu propostas de diversos partidos, mas preferiu permanecer ligado ao campo progressista. \u201cO PV, al\u00e9m de ser o partido da sustentabilidade e da democracia, ser\u00e1 tamb\u00e9m o partido da educa\u00e7\u00e3o e da defesa dos direitos dos trabalhadores\u201d, garantiu. Veras aproveitou tamb\u00e9m para anunciar seu apoio \u00e0 pr\u00e9-candidatura do deputado distrital Leandro Grass (PV) ao Governo do Distrito Federal.&nbsp;<\/p>\n\n\n\n<p>A ida de Veras para o PV foi comemorada pela deputada Arlete Sampaio (PT). \u201cQuero saudar a decis\u00e3o do deputado Reginaldo Veras porque ao ingressar no PV ele tamb\u00e9m entra na federa\u00e7\u00e3o junto com o PT e o PCdoB. Estaremos juntos na pr\u00f3xima campanha eleitoral. Sem d\u00favida o Prof. Reginaldo Veras ser\u00e1 muito importante na sustenta\u00e7\u00e3o do pr\u00f3ximo presidente da Rep\u00fablica, Luis In\u00e1cio Lula da Silva\u201d, afirmou.<\/p>\n\n\n\n<p>Leandro Grass tamb\u00e9m saudou a chegada do colega ao novo partido. \u201cO deputado Reginaldo Veras se soma a essa grande frente democr\u00e1tica e popular para devolvermos a esperan\u00e7a ao pa\u00eds, diante deste cen\u00e1rio de fome e desemprego. Aprendi muito com o posicionamento cr\u00edtico, honesto, e muito bem fundamentado de Reginaldo Veras\u201d, ressaltou Grass.&nbsp;<\/p>\n\n\n\n<p><strong>Uni\u00e3o Brasil<\/strong><\/p>\n\n\n\n<p>Outra deputada que anunciou sua nova filia\u00e7\u00e3o partid\u00e1ria \u00e9 a distrital J\u00falia Lucy (Uni\u00e3o Brasil). A parlamentar, at\u00e9 ent\u00e3o filiada ao Partido Novo, explicou as raz\u00f5es da mudan\u00e7a. \u201cEssa decis\u00e3o foi bastante amadurecida depois de muitas conversas com v\u00e1rias legendas. Permanecer independente e seguir coerente tem um pre\u00e7o. Eu paguei esse pre\u00e7o no meu partido anterior. No Uni\u00e3o Brasil, manterei meu compromisso com o desenvolvimento econ\u00f4mico da cidade, e com a gera\u00e7\u00e3o de emprego e renda\u201d, afirmou Lucy.&nbsp;<\/p>\n\n\n\n<p><strong>Eder Wen &#8211; Ag\u00eancia CLDF<\/strong><\/p>\n","protected":false},"excerpt":{"rendered":"<p>Foto: Divulga\u00e7\u00e3o\/CLDF J\u00falia Lucy anunciou filia\u00e7\u00e3o ao Uni\u00e3o Brasil, j\u00e1 Reginaldo Veras revelou seu ingresso no Partido Verde A sess\u00e3o ordin\u00e1ria da C\u00e2mara Legislativa desta ter\u00e7a-feira (29) foi aberta com discursos de deputados distritais que anunciaram seus novos partidos com vistas \u00e0s elei\u00e7\u00f5es deste ano. O deputado Prof. Reginaldo Veras (PV) exp\u00f4s os motivos que [&hellip;]<\/p>\n","protected":false},"author":1,"featured_media":0,"comment_status":"open","ping_status":"open","sticky":false,"template":"","format":"standard","meta":{"footnotes":""},"categories":[],"tags":[],"class_list":["post-5532","post","type-post","status-publish","format-standard","hentry"],"_links":{"self":[{"href":"https:\/\/aguaslindasnoticias.com.br\/index.php\/wp-json\/wp\/v2\/posts\/5532","targetHints":{"allow":["GET"]}}],"collection":[{"href":"https:\/\/aguaslindasnoticias.com.br\/index.php\/wp-json\/wp\/v2\/posts"}],"about":[{"href":"https:\/\/aguaslindasnoticias.com.br\/index.php\/wp-json\/wp\/v2\/types\/post"}],"author":[{"embeddable":true,"href":"https:\/\/aguaslindasnoticias.com.br\/index.php\/wp-json\/wp\/v2\/users\/1"}],"replies":[{"embeddable":true,"href":"https:\/\/aguaslindasnoticias.com.br\/index.php\/wp-json\/wp\/v2\/comments?post=5532"}],"version-history":[{"count":0,"href":"https:\/\/aguaslindasnoticias.com.br\/index.php\/wp-json\/wp\/v2\/posts\/5532\/revisions"}],"wp:attachment":[{"href":"https:\/\/aguaslindasnoticias.com.br\/index.php\/wp-json\/wp\/v2\/media?parent=5532"}],"wp:term":[{"taxonomy":"category","embeddable":true,"href":"https:\/\/aguaslindasnoticias.com.br\/index.php\/wp-json\/wp\/v2\/categories?post=5532"},{"taxonomy":"post_tag","embeddable":true,"href":"https:\/\/aguaslindasnoticias.com.br\/index.php\/wp-json\/wp\/v2\/tags?post=5532"}],"curies":[{"name":"wp","href":"https:\/\/api.w.org\/{rel}","templated":true}]}}