{"id":5528,"date":"2023-01-04T10:13:38","date_gmt":"2023-01-04T13:13:38","guid":{"rendered":"https:\/\/aguaslindasnoticias.com.br\/index.php\/2023\/01\/04\/rogerio-morro-da-cruz-e-uma-das-apostas-do-pmn-para-a-cldf\/"},"modified":"2023-01-04T10:13:38","modified_gmt":"2023-01-04T13:13:38","slug":"rogerio-morro-da-cruz-e-uma-das-apostas-do-pmn-para-a-cldf","status":"publish","type":"post","link":"https:\/\/aguaslindasnoticias.com.br\/index.php\/2023\/01\/04\/rogerio-morro-da-cruz-e-uma-das-apostas-do-pmn-para-a-cldf\/","title":{"rendered":"Rog\u00e9rio Morro da Cruz \u00e9 uma das apostas do PMN para a CLDF"},"content":{"rendered":"\n<figure class=\"wp-block-image size-large\"><img decoding=\"async\" src=\"http:\/\/claricegulyas.com.br\/wp-content\/uploads\/2022\/03\/rogerio-morro-da-cruz-pmn.jpg\" alt=\"\" class=\"wp-image-9830\"\/><\/figure>\n\n\n\n<p><em>Nominata \u00e9 equilibrada e feita minuciosamente pelo presidente da sigla e articulador politico Lucas Kontoyanis, que pretende eleger 2 deputados distritais<\/em><\/p>\n\n\n\n<p>Os interesses de aproximadamente 30 mil moradores do Morro da Cruz e de outros bairros de S\u00e3o Sebasti\u00e3o (DF) agora poder\u00e3o ser representados no legislativo local. \u00c9 que o Partido da Mobiliza\u00e7\u00e3o Nacional (PMN), de Lucas Kontoyanis, acaba de confirmar a filia\u00e7\u00e3o de uma das maiores lideran\u00e7as comunit\u00e1rias da regi\u00e3o: <strong>Rog\u00e9rio Morro da Cruz<\/strong>.<\/p>\n\n\n\n<p>H\u00e1 mais de 15 anos lutando por melhorias e mais dignidade para a popula\u00e7\u00e3o, o ex-vigilante e atual suplente de distrital, que \u00e9 morador do Morro da Cruz, tem como uma de suas principais bandeiras a regulariza\u00e7\u00e3o das comunidades carentes de infraestrutura.<\/p>\n\n\n\n<p>Atuante e participativo, Rog\u00e9rio \u00e9 conhecido por realizar e apoiar a\u00e7\u00f5es sociais que beneficiam centenas de fam\u00edlias que moram por ali, seja por meio de bingos, rifas ou diversas outras iniciativas que contam com o apoio de comerciantes e moradores.<\/p>\n\n\n\n<p>Como consequ\u00eancia de um trabalho bem feito, tornou-se presidente da Associa\u00e7\u00e3o dos Moradores do Morro da Cruz, cargo que ocupa h\u00e1 alguns anos e, hoje, comemora conquistas, como, por exemplo, a aquisi\u00e7\u00e3o pr\u00f3pria de placas de endere\u00e7o, rede de energia el\u00e9trica legalizada e circula\u00e7\u00e3o de transporte p\u00fablico.<\/p>\n\n\n\n<p>Voz do sofrimento e do desespero de tantos brasileiros jogados \u00e0 pr\u00f3pria sorte diante da m\u00e1 vontade pol\u00edtica, Rog\u00e9rio Morro da Cruz, 41 anos, j\u00e1 foi at\u00e9 mesmo preso por protestar contra derrubadas e abandono dos governos. O reconhecimento veio atrav\u00e9s das urnas nas elei\u00e7\u00f5es de 2018, quando obteve 5.718 votos ao disputar uma cadeira na C\u00e2mara Legislativa pelo partido Avante.<\/p>\n\n\n\n<p><strong>Confira, abaixo, entrevista com Rog\u00e9rio Morro da Cruz:<\/strong><\/p>\n\n\n\n<p><strong>Por que voc\u00ea resolveu tentar concorrer pela segunda vez a este cargo?<\/strong><\/p>\n\n\n\n<p>Em minha vida tudo que conquistei foi debaixo de muito luta, sofrimento e suor, Nada veio f\u00e1cil, exatamente nada. Nunca encarei as perdas como derrotas&#8230; as encaro como experi\u00eancias, amadurecimento. O brasileiro de verdade &#8220;n\u00e3o foge \u00e0 luta&#8221; e eu n\u00e3o descansarei enquanto n\u00e3o ver a nossa cidade ser realmente um modelo para todo o Distrito Federal, e sem sombra de d\u00favidas expandirei meu trabalho por todo o DF.<\/p>\n\n\n\n<p><strong>Por que escolheu o PMN?<\/strong><\/p>\n\n\n\n<p>Sou grato \u00e0s oportunidades que tive no in\u00edcio da minha jornada pol\u00edtica, quando o Avante me permitiu a candidatura, mas nos \u00faltimos anos senti que o solo que era firme tinha se tornado arenoso\/argiloso. Ou seja, um solo impr\u00f3prio para quem tem sede e garra para crescer. Realizamos a sondagem no PMN e por aqui estamos fixando nossos pilares, pois a constru\u00e7\u00e3o do evoluir nunca ter\u00e1 fim.<\/p>\n\n\n\n<p><strong>Qual a sua expectativa com estas elei\u00e7\u00f5es e qual a mensagem que voc\u00ea deixa para seus eleitores?<\/strong><\/p>\n\n\n\n<p>As expectativas s\u00e3o as melhores poss\u00edveis, trabalharemos com a pol\u00edtica limpa, combatendo principalmente as fake news. Deixo n\u00e3o somente para os meus eleitores, mas para todos os eleitores do DF uma mensagem de Pierre Logan: &#8220;Em ano eleitoral acontece um interessante fen\u00f4meno: os pol\u00edticos lembram-se de tudo que N\u00c3O fizeram e o povo se esquece de tudo pelo que passou&#8221;. Eleitores, n\u00e3o se esque\u00e7am de suas lutas. Voc\u00ea foram atendidos? Juntos, somos mais fortes!<\/p>\n","protected":false},"excerpt":{"rendered":"<p>Nominata \u00e9 equilibrada e feita minuciosamente pelo presidente da sigla e articulador politico Lucas Kontoyanis, que pretende eleger 2 deputados distritais Os interesses de aproximadamente 30 mil moradores do Morro da Cruz e de outros bairros de S\u00e3o Sebasti\u00e3o (DF) agora poder\u00e3o ser representados no legislativo local. \u00c9 que o Partido da Mobiliza\u00e7\u00e3o Nacional (PMN), [&hellip;]<\/p>\n","protected":false},"author":1,"featured_media":0,"comment_status":"open","ping_status":"open","sticky":false,"template":"","format":"standard","meta":{"footnotes":""},"categories":[],"tags":[],"class_list":["post-5528","post","type-post","status-publish","format-standard","hentry"],"_links":{"self":[{"href":"https:\/\/aguaslindasnoticias.com.br\/index.php\/wp-json\/wp\/v2\/posts\/5528","targetHints":{"allow":["GET"]}}],"collection":[{"href":"https:\/\/aguaslindasnoticias.com.br\/index.php\/wp-json\/wp\/v2\/posts"}],"about":[{"href":"https:\/\/aguaslindasnoticias.com.br\/index.php\/wp-json\/wp\/v2\/types\/post"}],"author":[{"embeddable":true,"href":"https:\/\/aguaslindasnoticias.com.br\/index.php\/wp-json\/wp\/v2\/users\/1"}],"replies":[{"embeddable":true,"href":"https:\/\/aguaslindasnoticias.com.br\/index.php\/wp-json\/wp\/v2\/comments?post=5528"}],"version-history":[{"count":0,"href":"https:\/\/aguaslindasnoticias.com.br\/index.php\/wp-json\/wp\/v2\/posts\/5528\/revisions"}],"wp:attachment":[{"href":"https:\/\/aguaslindasnoticias.com.br\/index.php\/wp-json\/wp\/v2\/media?parent=5528"}],"wp:term":[{"taxonomy":"category","embeddable":true,"href":"https:\/\/aguaslindasnoticias.com.br\/index.php\/wp-json\/wp\/v2\/categories?post=5528"},{"taxonomy":"post_tag","embeddable":true,"href":"https:\/\/aguaslindasnoticias.com.br\/index.php\/wp-json\/wp\/v2\/tags?post=5528"}],"curies":[{"name":"wp","href":"https:\/\/api.w.org\/{rel}","templated":true}]}}