{"id":5527,"date":"2023-01-04T10:13:38","date_gmt":"2023-01-04T13:13:38","guid":{"rendered":"https:\/\/aguaslindasnoticias.com.br\/index.php\/2023\/01\/04\/advogada-bolsonarista-juliana-porcaro-saboia-e-cotada-por-partidos-politicos\/"},"modified":"2023-01-04T10:13:38","modified_gmt":"2023-01-04T13:13:38","slug":"advogada-bolsonarista-juliana-porcaro-saboia-e-cotada-por-partidos-politicos","status":"publish","type":"post","link":"https:\/\/aguaslindasnoticias.com.br\/index.php\/2023\/01\/04\/advogada-bolsonarista-juliana-porcaro-saboia-e-cotada-por-partidos-politicos\/","title":{"rendered":"Advogada bolsonarista Juliana Porcaro Saboia \u00e9 cotada por partidos pol\u00edticos"},"content":{"rendered":"\n<figure class=\"wp-block-image size-large\"><img decoding=\"async\" src=\"http:\/\/claricegulyas.com.br\/wp-content\/uploads\/2022\/03\/bia-kicis-e-juliana-porcaro-df.png\" alt=\"\" class=\"wp-image-9826\"\/><\/figure>\n\n\n\n<p>Depois de repercutir nacionalmente ao pedir na Justi\u00e7a o afastamento de Felipe Santa Cruz da presid\u00eancia da Ordem dos Advogados do Brasil (OAB) por uso indevido do cargo para atacar Bolsonaro (PL) e defender a ideologia de esquerda, a advogada Juliana Porcaro Saboia tem despertado o interesse de partidos pol\u00edticos nestas elei\u00e7\u00f5es.<\/p>\n\n\n\n<p>Caciques partid\u00e1rios t\u00eam procurado a defensora do porte de arma de fogo para advogados com convites para disputar cadeira na C\u00e2mara dos Deputados ou na C\u00e2mara Legislativa. Amiga de Bia Kicis e Kelly Bolsonaro, a criminalista do Distrito Federal \u00e9 muito bem relacionada no meio jur\u00eddico e pol\u00edtico do DF. Sem<br>nunca ter disputado elei\u00e7\u00f5es, Juliana conversou at\u00e9 o momento com tr\u00eas partidos, mas ainda sem defini\u00e7\u00e3o sobre os convites.<\/p>\n\n\n\n<p>Juliana Porcaro Saboia atua h\u00e1 25 anos na advocacia. Chegou ocupar a diretoria da seccional do DF da Ordem dos Advogados do Brasil (OAB-DF), no \u00faltimo mandato da entidade, e em 2019 foi nomeada por S\u00e9rgio Moro, at\u00e9 ent\u00e3o ministro da Justi\u00e7a, para compor o Conselho Nacional de Pol\u00edtica Criminal e Penitenci\u00e1ria (CNPCP). Porcaro \u00e9 tamb\u00e9m presidente da Comiss\u00e3o Nacional de Direito da Arte da Associa\u00e7\u00e3o Brasileira de Advogados (ABA) e ativista do direito de investiga\u00e7\u00e3o defensiva dos advogados.<\/p>\n","protected":false},"excerpt":{"rendered":"<p>Depois de repercutir nacionalmente ao pedir na Justi\u00e7a o afastamento de Felipe Santa Cruz da presid\u00eancia da Ordem dos Advogados do Brasil (OAB) por uso indevido do cargo para atacar Bolsonaro (PL) e defender a ideologia de esquerda, a advogada Juliana Porcaro Saboia tem despertado o interesse de partidos pol\u00edticos nestas elei\u00e7\u00f5es. Caciques partid\u00e1rios t\u00eam [&hellip;]<\/p>\n","protected":false},"author":1,"featured_media":0,"comment_status":"open","ping_status":"open","sticky":false,"template":"","format":"standard","meta":{"footnotes":""},"categories":[],"tags":[],"class_list":["post-5527","post","type-post","status-publish","format-standard","hentry"],"_links":{"self":[{"href":"https:\/\/aguaslindasnoticias.com.br\/index.php\/wp-json\/wp\/v2\/posts\/5527","targetHints":{"allow":["GET"]}}],"collection":[{"href":"https:\/\/aguaslindasnoticias.com.br\/index.php\/wp-json\/wp\/v2\/posts"}],"about":[{"href":"https:\/\/aguaslindasnoticias.com.br\/index.php\/wp-json\/wp\/v2\/types\/post"}],"author":[{"embeddable":true,"href":"https:\/\/aguaslindasnoticias.com.br\/index.php\/wp-json\/wp\/v2\/users\/1"}],"replies":[{"embeddable":true,"href":"https:\/\/aguaslindasnoticias.com.br\/index.php\/wp-json\/wp\/v2\/comments?post=5527"}],"version-history":[{"count":0,"href":"https:\/\/aguaslindasnoticias.com.br\/index.php\/wp-json\/wp\/v2\/posts\/5527\/revisions"}],"wp:attachment":[{"href":"https:\/\/aguaslindasnoticias.com.br\/index.php\/wp-json\/wp\/v2\/media?parent=5527"}],"wp:term":[{"taxonomy":"category","embeddable":true,"href":"https:\/\/aguaslindasnoticias.com.br\/index.php\/wp-json\/wp\/v2\/categories?post=5527"},{"taxonomy":"post_tag","embeddable":true,"href":"https:\/\/aguaslindasnoticias.com.br\/index.php\/wp-json\/wp\/v2\/tags?post=5527"}],"curies":[{"name":"wp","href":"https:\/\/api.w.org\/{rel}","templated":true}]}}