{"id":5526,"date":"2023-01-04T10:13:38","date_gmt":"2023-01-04T13:13:38","guid":{"rendered":"https:\/\/aguaslindasnoticias.com.br\/index.php\/2023\/01\/04\/kelly-bolsonaro-convoca-jovens-de-16-e-17-anos-a-votar-na-direita\/"},"modified":"2023-01-04T10:13:38","modified_gmt":"2023-01-04T13:13:38","slug":"kelly-bolsonaro-convoca-jovens-de-16-e-17-anos-a-votar-na-direita","status":"publish","type":"post","link":"https:\/\/aguaslindasnoticias.com.br\/index.php\/2023\/01\/04\/kelly-bolsonaro-convoca-jovens-de-16-e-17-anos-a-votar-na-direita\/","title":{"rendered":"Kelly Bolsonaro convoca jovens de 16 e 17 anos a votar na direita"},"content":{"rendered":"\n<figure class=\"wp-block-image size-large\"><img decoding=\"async\" src=\"http:\/\/claricegulyas.com.br\/wp-content\/uploads\/2022\/03\/276162032_292730126319266_254453046233741246_n.jpg\" alt=\"\" class=\"wp-image-9822\"\/><\/figure>\n\n\n\n<p>A ativista de direita e suplente de distrital<strong> Kelly Bolsonaro (PL)<\/strong> resolveu mais uma vez comprar a briga em defesa do presidente Bolsonaro (PL). Neste s\u00e1bado (26\/3), ela deu in\u00edcio \u00e0 uma campanha virtual para incentivar jovens de 16 e 17 anos a tirarem o t\u00edtulo de eleitor para as elei\u00e7\u00f5es. Nas redes sociais, a pol\u00eamica pol\u00edtica do DF defendeu que os jovens precisam participar das vota\u00e7\u00f5es para &#8220;salvar o Brasil de bandidos e corja de oportunistas&#8221;.<\/p>\n\n\n\n<p>De acordo com Kelly Bolsonaro, que agora caminha debaixo das asas protetoras da deputada federal Bia Kicis (PL), o mais importante n\u00e3o \u00e9 s\u00f3 a participa\u00e7\u00e3o dos jovens nas elei\u00e7\u00f5es, mas &#8220;votando no antipetismo e na direita&#8221;.<\/p>\n\n\n\n<p>No mesmo dia, a parlamentar denunciou o apoio do Tribunal Regional Eleitoral do Rio de Janeiro (TRE-RJ) \u00e0 campanha contra Bolsonaro iniciada pela cantora Anitta, quando o \u00f3rg\u00e3o repostou no seu twitter institucional uma publica\u00e7\u00e3o da funkeira chamando os jovens a votar em troca de aut\u00f3grafos. &#8220;Se for maior de 16 eu s\u00f3 tiro a foto se tiver foto do t\u00edtulo de eleitor&#8221;, disse Anitta, que tem atacado publicamente Bolsonaro.<\/p>\n\n\n\n<p>A publica\u00e7\u00e3o do TRE-RJ foi apagada, no entanto, ainda consta em diversas reportagens de ve\u00edculos tradicionais de imprensa, como o portal UOL. &#8220;\u00c9 um desaforo uma das pessoas que mais denigrem a imagem do nosso pa\u00eds com suas dan\u00e7as e visuais erotizados, inclusive, para o p\u00fablico infantil, querer comprar esta briga&#8230; e o pior: com a ajuda do TRE-RJ, terra natal do Bolsonaro. Se isto acontece com ele presidente, imagina com a esquerda no poder!&#8221;, desabafou Kelly Bolsonaro em suas redes sociais.<\/p>\n\n\n\n<p>Filiada ao PL, Kelly Bolsonaro dever\u00e1 disputar as elei\u00e7\u00f5es deste ano para distrital. Em 2018, ela obteve 5.412 votos, o que lhe garantiu a supl\u00eancia e a posse como deputada distrital em 2019, no lugar do deputado Daniel Donizet, hoje, seu correligion\u00e1rio.<\/p>\n\n\n\n<p><strong>Confira, abaixo, convoca\u00e7\u00e3o de Kelly Bolsonaro:<\/strong><\/p>\n\n\n\n<figure class=\"wp-block-image size-large\"><img decoding=\"async\" src=\"http:\/\/claricegulyas.com.br\/wp-content\/uploads\/2022\/03\/kelly-bolsonaro-insta-1-1-1024x653.png\" alt=\"\" class=\"wp-image-9820\"\/><\/figure>\n\n\n\n<figure class=\"wp-block-image size-large\"><img decoding=\"async\" src=\"http:\/\/claricegulyas.com.br\/wp-content\/uploads\/2022\/03\/kelly-bolsonaro-insta-2-1-1024x654.png\" alt=\"\" class=\"wp-image-9821\"\/><\/figure>\n","protected":false},"excerpt":{"rendered":"<p>A ativista de direita e suplente de distrital Kelly Bolsonaro (PL) resolveu mais uma vez comprar a briga em defesa do presidente Bolsonaro (PL). Neste s\u00e1bado (26\/3), ela deu in\u00edcio \u00e0 uma campanha virtual para incentivar jovens de 16 e 17 anos a tirarem o t\u00edtulo de eleitor para as elei\u00e7\u00f5es. Nas redes sociais, a [&hellip;]<\/p>\n","protected":false},"author":1,"featured_media":0,"comment_status":"open","ping_status":"open","sticky":false,"template":"","format":"standard","meta":{"footnotes":""},"categories":[],"tags":[],"class_list":["post-5526","post","type-post","status-publish","format-standard","hentry"],"_links":{"self":[{"href":"https:\/\/aguaslindasnoticias.com.br\/index.php\/wp-json\/wp\/v2\/posts\/5526","targetHints":{"allow":["GET"]}}],"collection":[{"href":"https:\/\/aguaslindasnoticias.com.br\/index.php\/wp-json\/wp\/v2\/posts"}],"about":[{"href":"https:\/\/aguaslindasnoticias.com.br\/index.php\/wp-json\/wp\/v2\/types\/post"}],"author":[{"embeddable":true,"href":"https:\/\/aguaslindasnoticias.com.br\/index.php\/wp-json\/wp\/v2\/users\/1"}],"replies":[{"embeddable":true,"href":"https:\/\/aguaslindasnoticias.com.br\/index.php\/wp-json\/wp\/v2\/comments?post=5526"}],"version-history":[{"count":0,"href":"https:\/\/aguaslindasnoticias.com.br\/index.php\/wp-json\/wp\/v2\/posts\/5526\/revisions"}],"wp:attachment":[{"href":"https:\/\/aguaslindasnoticias.com.br\/index.php\/wp-json\/wp\/v2\/media?parent=5526"}],"wp:term":[{"taxonomy":"category","embeddable":true,"href":"https:\/\/aguaslindasnoticias.com.br\/index.php\/wp-json\/wp\/v2\/categories?post=5526"},{"taxonomy":"post_tag","embeddable":true,"href":"https:\/\/aguaslindasnoticias.com.br\/index.php\/wp-json\/wp\/v2\/tags?post=5526"}],"curies":[{"name":"wp","href":"https:\/\/api.w.org\/{rel}","templated":true}]}}