{"id":5524,"date":"2023-01-04T10:13:38","date_gmt":"2023-01-04T13:13:38","guid":{"rendered":"https:\/\/aguaslindasnoticias.com.br\/index.php\/2023\/01\/04\/tributo-aos-herois-negros\/"},"modified":"2023-01-04T10:13:38","modified_gmt":"2023-01-04T13:13:38","slug":"tributo-aos-herois-negros","status":"publish","type":"post","link":"https:\/\/aguaslindasnoticias.com.br\/index.php\/2023\/01\/04\/tributo-aos-herois-negros\/","title":{"rendered":"&#8220;Tributo aos Her\u00f3is Negros&#8221;"},"content":{"rendered":"\n<figure class=\"wp-block-image size-large\"><img decoding=\"async\" src=\"http:\/\/claricegulyas.com.br\/wp-content\/uploads\/2022\/03\/Cena-Tributo-Iran-dancca-Soul-foto-IsraelCarvalho2.jpg\" alt=\"\" class=\"wp-image-9812\"\/><\/figure>\n\n\n\n<p><strong>Espet\u00e1culo com alunos<\/strong><strong>do Programa de capacita<\/strong><strong>\u00e7\u00e3<\/strong><strong>o &#8220;Azulim Para Todos&#8221; , numa significativa mostra de resultados<\/strong><strong><br><\/strong><strong><br><\/strong>Durante todo o m\u00eas de mar\u00e7o, com 10 apresenta\u00e7\u00f5es em escolas de Sobradinho I e II, a Mostra de Resultados do Projeto Azulim para Todos , chegar\u00e1 ao final na quarta (30\/03), \u00e0s 9h e 15h, no CED Fercal. Os alunos do projeto apresentar\u00e3o o espet\u00e1culo de dan\u00e7a&nbsp;<strong>\u201cTributo aos Her\u00f3is Negros\u201d&nbsp;<\/strong>&nbsp;que homenageia 5 personalidades negras, s\u00e3o elas: Carolina Maria de Jesus, Zumbi dos Palmares, Lu\u00eds Gama, James Brown e Nelson Mandela.&nbsp;<br>O&nbsp;<strong>Azulim para todos \u00e9 realizado por meio de Terno de Fomento da Funda\u00e7\u00e3o Cultural Palmares, da Secretaria Especial de Cultura, do Minist\u00e9rio do Turismo.<\/strong><strong><br><\/strong><br><strong>Azulim para todos<\/strong><br>Programa de capacita\u00e7\u00e3o com&nbsp;<strong>oficina<\/strong>s envolvendo tr\u00eas linguagens do hip-hop &#8211;&nbsp;<strong>M\u00fasica (Rap e DJ), dan\u00e7a (Break) e artes pl\u00e1sticas (Graffiti)<\/strong>.<\/p>\n\n\n\n<p>Para o presidente do Grupo Cultural Azulim, Iranildo Moreira, projetos como esse estimulam a economia criativa do hip hop em Sobradinho II gerando renda para juventude. &nbsp;&#8220;A cultura Hip Hop vem conquistando adeptos desde sua origem, no fim da d\u00e9cada de 60, \u00e9 mais que movimento cultural, o Hip Hop \u00e9 um segmento que visa a transforma\u00e7\u00e3o social, seja atrav\u00e9s da m\u00fasica (Rap e DJ), da dan\u00e7a (Break) , das artes pl\u00e1sticas (Grafite) ou mesmo por meio de diversos projetos sociais que utilizam-se dessas linguagens para a promo\u00e7\u00e3o social e desenvolvimento comunit\u00e1rio&#8221;, defende Moreira.<\/p>\n\n\n\n<p>Ele tamb\u00e9m explica que esse novo projeto vem na sequ\u00eancia de um anterior, o DF HIP HOP,&nbsp; num movimento cont\u00ednuo de forma\u00e7\u00e3o e preparo para que os artistas possam conseguir descobrir as oportunidades, preparar-se para entender melhor o seu fazer art\u00edstico, apresentar o que foi aprendido ganhando maior visibilidade e ainda vislumbrar o potencial econ\u00f4mico que pode ser alcan\u00e7ado com a capacita\u00e7\u00e3o.&nbsp;<br>&#8220;Vale a pena ressaltar que o&nbsp;Tributo&nbsp;aos&nbsp;her\u00f3is&nbsp;negros&nbsp;foi premiado pela Brazil Foundation em 2011&#8221;, finaliza Iranildo.<br><strong>Cronograma das Apresenta\u00e7\u00f5es<\/strong>CEF 07&nbsp;Sobradinho II08\/03Manh\u00e3 9h40&nbsp;Tarde 15h40CEF 08&nbsp;Sobradinho II16\/03Manh\u00e3 10h30Tarde 16hCEM 04&nbsp;Sobradinho II24\/03Manh\u00e3Noite&nbsp;CEF 03Sobradinho28\/03Manh\u00e3 9hTarde 15hCED Fercal 30\/03Manh\u00e3 &#8211; 9hTarde-15h<br><strong>Grupo Cultural Azulim<\/strong><br>O Grupo Azulim tem em sua bagagem a experi\u00eancia de quase 30 anos de atua\u00e7\u00e3o nesse segmento e o orgulho de ter realizado e\/ou participado dos maiores eventos do Hip Hop no Distrito Federal, dentre eles &nbsp;seis edi\u00e7\u00f5es do Rap Chistmas (evento com foco na arrecada\u00e7\u00e3o e distribui\u00e7\u00e3o de alimentos e agasalhos nas comunidades de Sobradinho II e Santa Maria, realizado sempre em dezembro), ruas de lazeres comunit\u00e1rias nas sat\u00e9lites do Distrito Federal, &nbsp;duas&nbsp;edi\u00e7\u00f5es do Desafio de B.Boys 2vs2 (o maior festival de Breakdance do DF), dentre outros.<\/p>\n\n\n\n<p>OUTRAS INFORMA\u00c7\u00d5ES:AR9 CONJ 05 lote 24 &#8211; Sobradinho ll &#8211; DF (Espa\u00e7o Sede do Grupo Azulim)Ou por Contato telef\u00f4nico: (61) 99279-8515E-mail: <a href=\"mailto:iranhiphop.123@gmail.com\" rel=\"noreferrer noopener\" target=\"_blank\">iranhiphop.123@gmail.com<\/a>Facebook (<a href=\"https:\/\/www.google.com\/url?q=https:\/\/www.facebook.com\/AzulimOSCIP&amp;sa=D&amp;source=editors&amp;ust=1612482458995000&amp;usg=AFQjCNEHDncrrdvrGNmGmji3ZsRDQR-OTg\" rel=\"noreferrer noopener\" target=\"_blank\">https:\/\/www.facebook.com\/AzulimOSCIP<\/a>)Instagram (<a href=\"https:\/\/www.google.com\/url?q=https:\/\/www.instagram.com\/gc.azulim\/&amp;sa=D&amp;source=editors&amp;ust=1612482458995000&amp;usg=AFQjCNFAZJn_zZFBp8ylSH8TIOnDo5gzGw\" rel=\"noreferrer noopener\" target=\"_blank\">https:\/\/www.instagram.com\/gc.azulim\/<\/a>).<\/p>\n","protected":false},"excerpt":{"rendered":"<p>Espet\u00e1culo com alunosdo Programa de capacita\u00e7\u00e3o &#8220;Azulim Para Todos&#8221; , numa significativa mostra de resultadosDurante todo o m\u00eas de mar\u00e7o, com 10 apresenta\u00e7\u00f5es em escolas de Sobradinho I e II, a Mostra de Resultados do Projeto Azulim para Todos , chegar\u00e1 ao final na quarta (30\/03), \u00e0s 9h e 15h, no CED Fercal. Os alunos [&hellip;]<\/p>\n","protected":false},"author":1,"featured_media":0,"comment_status":"open","ping_status":"open","sticky":false,"template":"","format":"standard","meta":{"footnotes":""},"categories":[],"tags":[],"class_list":["post-5524","post","type-post","status-publish","format-standard","hentry"],"_links":{"self":[{"href":"https:\/\/aguaslindasnoticias.com.br\/index.php\/wp-json\/wp\/v2\/posts\/5524","targetHints":{"allow":["GET"]}}],"collection":[{"href":"https:\/\/aguaslindasnoticias.com.br\/index.php\/wp-json\/wp\/v2\/posts"}],"about":[{"href":"https:\/\/aguaslindasnoticias.com.br\/index.php\/wp-json\/wp\/v2\/types\/post"}],"author":[{"embeddable":true,"href":"https:\/\/aguaslindasnoticias.com.br\/index.php\/wp-json\/wp\/v2\/users\/1"}],"replies":[{"embeddable":true,"href":"https:\/\/aguaslindasnoticias.com.br\/index.php\/wp-json\/wp\/v2\/comments?post=5524"}],"version-history":[{"count":0,"href":"https:\/\/aguaslindasnoticias.com.br\/index.php\/wp-json\/wp\/v2\/posts\/5524\/revisions"}],"wp:attachment":[{"href":"https:\/\/aguaslindasnoticias.com.br\/index.php\/wp-json\/wp\/v2\/media?parent=5524"}],"wp:term":[{"taxonomy":"category","embeddable":true,"href":"https:\/\/aguaslindasnoticias.com.br\/index.php\/wp-json\/wp\/v2\/categories?post=5524"},{"taxonomy":"post_tag","embeddable":true,"href":"https:\/\/aguaslindasnoticias.com.br\/index.php\/wp-json\/wp\/v2\/tags?post=5524"}],"curies":[{"name":"wp","href":"https:\/\/api.w.org\/{rel}","templated":true}]}}