{"id":5522,"date":"2023-01-04T10:13:38","date_gmt":"2023-01-04T13:13:38","guid":{"rendered":"https:\/\/aguaslindasnoticias.com.br\/index.php\/2023\/01\/04\/planejamento-familiar-reprodutivo-e-tema-de-sessao-solene-na-cldf\/"},"modified":"2023-01-04T10:13:38","modified_gmt":"2023-01-04T13:13:38","slug":"planejamento-familiar-reprodutivo-e-tema-de-sessao-solene-na-cldf","status":"publish","type":"post","link":"https:\/\/aguaslindasnoticias.com.br\/index.php\/2023\/01\/04\/planejamento-familiar-reprodutivo-e-tema-de-sessao-solene-na-cldf\/","title":{"rendered":"Planejamento Familiar Reprodutivo \u00e9 tema de Sess\u00e3o Solene na CLDF"},"content":{"rendered":"\n<p>Foto: Silvio Abdon\/CLDF<\/p>\n\n\n\n<figure class=\"wp-block-image\"><img decoding=\"async\" src=\"https:\/\/www.cl.df.gov.br\/documents\/10162\/25445640\/2111162SA+%2810%29.jpg\/ce72cc7d-045c-c13c-ced1-51c824acad3a?t=1643738913044\" alt=\"Ao todo mais de mil mulheres recorreram \u00e0 Procuradoria da Mulher em busca de romper o ciclo da gravidez n\u00e3o planejada a partir da inser\u00e7\u00e3o do DIU\"\/><\/figure>\n\n\n\n<p>Ao todo mais de mil mulheres recorreram \u00e0 Procuradoria da Mulher em busca de romper o ciclo da gravidez n\u00e3o planejada a partir da inser\u00e7\u00e3o do DIU<\/p>\n\n\n\n<p>A deputada J\u00falia Lucy (sem partido), procuradora da Mulher na C\u00e2mara Legislativa do Distrito Federal (CLDF), realiza Sess\u00e3o Solene para apresentar as a\u00e7\u00f5es de Planejamento Familiar Reprodutivo na sexta-feira (25) \u00e0s 15h no Plen\u00e1rio da CLDF. O evento celebra a parceria firmada entre a Procuradoria, o Grupo Mulheres do Brasil DF e as institui\u00e7\u00f5es parceiras.<\/p>\n\n\n\n<p>\u201cA pol\u00edtica p\u00fablica de Planejamento Familiar Reprodutivo \u00e9 a mais importante que existe e por ela venho lutando, de forma pioneira, no DF. Nossas jovens est\u00e3o interrompendo os seus estudos, passando por gesta\u00e7\u00f5es de risco e perdendo oportunidades de crescimento e chances em suas vidas\u201d, afirma a deputada J\u00falia Lucy, autora do requerimento que deu origem \u00e0 Sess\u00e3o.<\/p>\n\n\n\n<p>Ao todo mais de mil mulheres recorreram \u00e0 Procuradoria da Mulher em busca de a\u00e7\u00f5es preventivas com objetivo de romper o ciclo que leva \u00e0 gravidez n\u00e3o planejada. Entre essas a\u00e7\u00f5es para precaver a gravidez, est\u00e3o a inser\u00e7\u00e3o do DIU e a realiza\u00e7\u00e3o de cirurgias de laqueadura. Todos os procedimentos foram realizados conforme prescri\u00e7\u00e3o e indica\u00e7\u00e3o m\u00e9dica.<\/p>\n\n\n\n<p>A deputada J\u00falia Lucy tamb\u00e9m d\u00e1 seu testemunho sobre a quest\u00e3o. \u201cFui m\u00e3e aos 17 anos e por isso sei bem o qu\u00e3o dif\u00edcil \u00e9 seguir os estudos e iniciar a vida profissional tendo um beb\u00ea para cuidar. A preven\u00e7\u00e3o da gravidez n\u00e3o planejada, especialmente entre jovens adolescentes, muda o futuro\u201d, garante a parlamentar.<\/p>\n\n\n\n<p><strong>Homenagens<\/strong><\/p>\n\n\n\n<p>Al\u00e9m de celebrar a parceria, a solenidade vai homenagear as pessoas que contribu\u00edram para a realiza\u00e7\u00e3o dos procedimentos que envolvem toda a a\u00e7\u00e3o. Entre elas, a diretora de Aten\u00e7\u00e3o Integral \u00e0 Sa\u00fade, Dra. Andr\u00e9ia Ara\u00fajo, \u00e0 \u00e9poca diretora do Hospital Materno Infantil de Bras\u00edlia (HMIB), e o m\u00e9dico ginecologista obstetra, Dr. Adriano Bueno Tavares. Em 2019, na primeira a\u00e7\u00e3o da PEM no Distrito Federal, ambos proporcionaram o atendimento de mais de 100 mulheres em consultas preventivas e na inser\u00e7\u00e3o dos dispositivos intrauterinos (DIU) no HMIB e organizaram o mutir\u00e3o realizado na Cidade Estrutural.<\/p>\n\n\n\n<p>Outra homenageada \u00e9 a superintendente da Regi\u00e3o de Sa\u00fade Centro-Sul, Dra. Fl\u00e1via Oliveira Costa. Quando os \u00edndices da pandemia come\u00e7aram a cair no final de 2021, a institui\u00e7\u00e3o sob o seu comando deu seguimento \u00e0s a\u00e7\u00f5es iniciadas pela PEM nas Unidades B\u00e1sicas de Sa\u00fade (UBS) da Estrutural, Riacho Fundo I e II, N\u00facleo Bandeirante e Guar\u00e1. V\u00e1rias mulheres da regi\u00e3o em situa\u00e7\u00e3o de vulnerabilidade foram atendidas.<\/p>\n\n\n\n<p>Agora em 2022, as iniciativas da PEM tamb\u00e9m receberam o apoio da Superintend\u00eancia da Regi\u00e3o Central de Sa\u00fade, por meio do Dr. Paulo Roberto da Silva Junior. O superintendente, em parceria conjunta com a Dra. Mariana Alcazas, diretora do Hospital Regional da Asa Norte (HRAN), reuniu sua equipe t\u00e9cnica para promover o atendimento das mulheres cuidadas pela Procuradoria no HRAN. O suporte do Laborat\u00f3rio de An\u00e1lises Cl\u00ednicas foi fundamental para realizar os exames necess\u00e1rios \u00e0 inser\u00e7\u00e3o do DIU, sob os cuidados do respons\u00e1vel t\u00e9cnico da Ginecologia e Obstetr\u00edcia, Dr. Marcelo Cronemberg.<\/p>\n\n\n\n<p><em>*com informa\u00e7\u00f5es da assessoria de imprensa da deputada J\u00falia Lucy<\/em><\/p>\n\n\n\n<p><strong>Francisco Esp\u00ednola &#8211; Ag\u00eancia CLDF<\/strong><\/p>\n","protected":false},"excerpt":{"rendered":"<p>Foto: Silvio Abdon\/CLDF Ao todo mais de mil mulheres recorreram \u00e0 Procuradoria da Mulher em busca de romper o ciclo da gravidez n\u00e3o planejada a partir da inser\u00e7\u00e3o do DIU A deputada J\u00falia Lucy (sem partido), procuradora da Mulher na C\u00e2mara Legislativa do Distrito Federal (CLDF), realiza Sess\u00e3o Solene para apresentar as a\u00e7\u00f5es de Planejamento [&hellip;]<\/p>\n","protected":false},"author":1,"featured_media":0,"comment_status":"open","ping_status":"open","sticky":false,"template":"","format":"standard","meta":{"footnotes":""},"categories":[],"tags":[],"class_list":["post-5522","post","type-post","status-publish","format-standard","hentry"],"_links":{"self":[{"href":"https:\/\/aguaslindasnoticias.com.br\/index.php\/wp-json\/wp\/v2\/posts\/5522","targetHints":{"allow":["GET"]}}],"collection":[{"href":"https:\/\/aguaslindasnoticias.com.br\/index.php\/wp-json\/wp\/v2\/posts"}],"about":[{"href":"https:\/\/aguaslindasnoticias.com.br\/index.php\/wp-json\/wp\/v2\/types\/post"}],"author":[{"embeddable":true,"href":"https:\/\/aguaslindasnoticias.com.br\/index.php\/wp-json\/wp\/v2\/users\/1"}],"replies":[{"embeddable":true,"href":"https:\/\/aguaslindasnoticias.com.br\/index.php\/wp-json\/wp\/v2\/comments?post=5522"}],"version-history":[{"count":0,"href":"https:\/\/aguaslindasnoticias.com.br\/index.php\/wp-json\/wp\/v2\/posts\/5522\/revisions"}],"wp:attachment":[{"href":"https:\/\/aguaslindasnoticias.com.br\/index.php\/wp-json\/wp\/v2\/media?parent=5522"}],"wp:term":[{"taxonomy":"category","embeddable":true,"href":"https:\/\/aguaslindasnoticias.com.br\/index.php\/wp-json\/wp\/v2\/categories?post=5522"},{"taxonomy":"post_tag","embeddable":true,"href":"https:\/\/aguaslindasnoticias.com.br\/index.php\/wp-json\/wp\/v2\/tags?post=5522"}],"curies":[{"name":"wp","href":"https:\/\/api.w.org\/{rel}","templated":true}]}}