{"id":5521,"date":"2023-01-04T10:13:38","date_gmt":"2023-01-04T13:13:38","guid":{"rendered":"https:\/\/aguaslindasnoticias.com.br\/index.php\/2023\/01\/04\/comissao-aprova-projeto-que-cria-o-fundo-distrital-de-juventude\/"},"modified":"2023-01-04T10:13:38","modified_gmt":"2023-01-04T13:13:38","slug":"comissao-aprova-projeto-que-cria-o-fundo-distrital-de-juventude","status":"publish","type":"post","link":"https:\/\/aguaslindasnoticias.com.br\/index.php\/2023\/01\/04\/comissao-aprova-projeto-que-cria-o-fundo-distrital-de-juventude\/","title":{"rendered":"Comiss\u00e3o aprova projeto que cria o Fundo Distrital de Juventude"},"content":{"rendered":"\n<p>Foto: Reprodu\u00e7\u00e3o\/TV C\u00e2mara Distrital<\/p>\n\n\n\n<figure class=\"wp-block-image\"><img decoding=\"async\" src=\"https:\/\/www.cl.df.gov.br\/documents\/10162\/25665063\/CAS+6.jpg\/e70a38ad-31a1-ae52-165e-6a4f803e1ca1?t=1648044570800\" alt=\"Recursos podem ser destinados a interc\u00e2mbio com outros estados e pa\u00edses, a constru\u00e7\u00e3o de Centros da Juventude e cria\u00e7\u00e3o de programas de bolsas para forma\u00e7\u00e3o de profissionais\"\/><\/figure>\n\n\n\n<p>Recursos podem ser destinados a interc\u00e2mbio com outros estados e pa\u00edses, a constru\u00e7\u00e3o de Centros da Juventude e cria\u00e7\u00e3o de programas de bolsas para forma\u00e7\u00e3o de profissionais<\/p>\n\n\n\n<p>Em reuni\u00e3o extraordin\u00e1ria nesta quarta-feira (23), a Comiss\u00e3o de Assuntos Sociais (CAS) da C\u00e2mara Legislativa aprovou o PLC 68\/2020, de autoria do deputado Delmasso (Republicanos), que cria o Fundo Distrital de Juventude (FDJ). Segundo o texto, os recursos ser\u00e3o destinados, entre outros, para subsidiar pol\u00edticas p\u00fablicas de juventude; incentivar estudos sobre a situa\u00e7\u00e3o da juventude brasiliense; promover o interc\u00e2mbio com outros estados e pa\u00edses; executar obras de engenharia destinadas a constru\u00e7\u00e3o de Centros da Juventude; e criar programas de bolsas para forma\u00e7\u00e3o de profissionais e consultoria t\u00e9cnica especializada na promo\u00e7\u00e3o de pol\u00edticas p\u00fablicas de juventude.<\/p>\n\n\n\n<p>O deputado F\u00e1bio F\u00e9lix (Psol), que se absteve da vota\u00e7\u00e3o, questionou a destina\u00e7\u00e3o ao FDJ de valores provenientes de multas estabelecidas pelo Estatuto da Crian\u00e7a e do Adolescente, j\u00e1 que, segundo o distrital, tal recurso j\u00e1 integra o Fundo dos Direitos da Crian\u00e7a e do Adolescente. \u201cAcho justo a cria\u00e7\u00e3o de fundo para que haja pol\u00edtica p\u00fablica para a juventude, mas tamb\u00e9m \u00e9 justo que esse fundo tenha receitas que n\u00e3o tenham impacto em outros que j\u00e1 existem\u201d, afirmou F\u00e1bio F\u00e9lix.<\/p>\n\n\n\n<p>Segundo o relator, deputado Martins Machado (Republicanos), a proposi\u00e7\u00e3o \u201cvai de encontro com o que prev\u00ea a Lei Federal n. 12.852\/13, que estabelece o Estatuto da Juventude, ao fomentar e promover a\u00e7\u00f5es voltadas para a Juventude do Distrito Federal\u201d.<\/p>\n\n\n\n<p><strong>Mario Espinheira &#8211; Ag\u00eancia CLDF<\/strong><\/p>\n","protected":false},"excerpt":{"rendered":"<p>Foto: Reprodu\u00e7\u00e3o\/TV C\u00e2mara Distrital Recursos podem ser destinados a interc\u00e2mbio com outros estados e pa\u00edses, a constru\u00e7\u00e3o de Centros da Juventude e cria\u00e7\u00e3o de programas de bolsas para forma\u00e7\u00e3o de profissionais Em reuni\u00e3o extraordin\u00e1ria nesta quarta-feira (23), a Comiss\u00e3o de Assuntos Sociais (CAS) da C\u00e2mara Legislativa aprovou o PLC 68\/2020, de autoria do deputado Delmasso [&hellip;]<\/p>\n","protected":false},"author":1,"featured_media":0,"comment_status":"open","ping_status":"open","sticky":false,"template":"","format":"standard","meta":{"footnotes":""},"categories":[],"tags":[],"class_list":["post-5521","post","type-post","status-publish","format-standard","hentry"],"_links":{"self":[{"href":"https:\/\/aguaslindasnoticias.com.br\/index.php\/wp-json\/wp\/v2\/posts\/5521","targetHints":{"allow":["GET"]}}],"collection":[{"href":"https:\/\/aguaslindasnoticias.com.br\/index.php\/wp-json\/wp\/v2\/posts"}],"about":[{"href":"https:\/\/aguaslindasnoticias.com.br\/index.php\/wp-json\/wp\/v2\/types\/post"}],"author":[{"embeddable":true,"href":"https:\/\/aguaslindasnoticias.com.br\/index.php\/wp-json\/wp\/v2\/users\/1"}],"replies":[{"embeddable":true,"href":"https:\/\/aguaslindasnoticias.com.br\/index.php\/wp-json\/wp\/v2\/comments?post=5521"}],"version-history":[{"count":0,"href":"https:\/\/aguaslindasnoticias.com.br\/index.php\/wp-json\/wp\/v2\/posts\/5521\/revisions"}],"wp:attachment":[{"href":"https:\/\/aguaslindasnoticias.com.br\/index.php\/wp-json\/wp\/v2\/media?parent=5521"}],"wp:term":[{"taxonomy":"category","embeddable":true,"href":"https:\/\/aguaslindasnoticias.com.br\/index.php\/wp-json\/wp\/v2\/categories?post=5521"},{"taxonomy":"post_tag","embeddable":true,"href":"https:\/\/aguaslindasnoticias.com.br\/index.php\/wp-json\/wp\/v2\/tags?post=5521"}],"curies":[{"name":"wp","href":"https:\/\/api.w.org\/{rel}","templated":true}]}}