{"id":5520,"date":"2023-01-04T10:13:38","date_gmt":"2023-01-04T13:13:38","guid":{"rendered":"https:\/\/aguaslindasnoticias.com.br\/index.php\/2023\/01\/04\/uniao-e-paz-em-espetaculo-de-danca-teatro-nur-a-filha-de-rha\/"},"modified":"2023-01-04T10:13:38","modified_gmt":"2023-01-04T13:13:38","slug":"uniao-e-paz-em-espetaculo-de-danca-teatro-nur-a-filha-de-rha","status":"publish","type":"post","link":"https:\/\/aguaslindasnoticias.com.br\/index.php\/2023\/01\/04\/uniao-e-paz-em-espetaculo-de-danca-teatro-nur-a-filha-de-rha\/","title":{"rendered":"Uni\u00e3o e Paz em espet\u00e1culo de Dan\u00e7a\/teatro &#8220;Nur, a filha de Rh\u00e1&#8221;"},"content":{"rendered":"\n<figure class=\"wp-block-image size-large\"><img decoding=\"async\" src=\"http:\/\/claricegulyas.com.br\/wp-content\/uploads\/2022\/03\/nur-1-1024x682.png\" alt=\"\" class=\"wp-image-9798\"\/><\/figure>\n\n\n\n<p><em>Projeto circular\u00e1 em tr\u00eas regi\u00f5es administrativas do DF<\/em><\/p>\n\n\n\n<p><br>Em meio a tantas discuss\u00f5es sobre fronteiras e pessoas que comp\u00f5em o mosaico de nossas vidas, surge a circula\u00e7\u00e3o de Nur, a Filha de Rh\u00e1, espet\u00e1culo brasiliense de dan\u00e7a\/teatro que far\u00e1 pequena turn\u00ea em tr\u00eas regi\u00f5es administrativas do DF. \u00a0T<strong>odas as \u00a0apresenta\u00e7\u00f5es ser\u00e3o realizadas sempre em duas sess\u00f5es, \u00e0s 16h e 20h<\/strong>, tendo in\u00edcio no\u00a0<strong>s\u00e1bado (02\/04), no Complexo Cultural de Planaltina (Avenida Uberdan Cardoso, Setor Administrativo, Lote 02)<\/strong>. Depois ser\u00e1 a vez do Plano Piloto receber o espet\u00e1culo no dia seguinte,\u00a0<strong>domingo (03\/04), no Teatro Sesc Garagem (913 Sul<\/strong>). <br><br>Taguatinga Norte entrar\u00e1 no clima de Nur, a Filha de Rh\u00e1, com as \u00faltimas apresenta\u00e7\u00f5es do projeto, na\u00a0<strong>quarta (06\/04), no Teatro Sesc Paulo Autran (CNB 12 &#8211; AE 2\/3, Taguatinga Norte)<\/strong>. Escrito, dirigido e coreografado por Ousseima Imad, \u00e9 um espet\u00e1culo que utiliza elementos das dan\u00e7as \u00e1rabes, rituais tribais e sagrados, tendo o folclore, a filosofia e a Psicologia Transpessoal como vetores do processo art\u00edstico e criativo.\u00a0Entrada gratuita mediante doa\u00e7\u00e3o volunt\u00e1ria de 1kg de alimento n\u00e3o perec\u00edvel. O projeto \u00a0Nur, a Filha de Rh\u00e1, conta com patroc\u00ednio da Secretaria de Cultura e Economia Criativa do DF, do GDF, por meio do Fundo de Apoio \u00e0 Cultura do DF (FAC-DF).\u00a0<br><br>Ousseima explica que os vetores de cria\u00e7\u00e3o do espet\u00e1culo est\u00e3o inseridos na forma\u00e7\u00e3o da identidade cultural brasileira desde o s\u00e9culo XIX, algo latente no esp\u00edrito do brasileiro. &#8221; Est\u00e3o na l\u00edngua, arquitetura, m\u00fasica, dan\u00e7a e culin\u00e1ria, tal como:\u00b4tomar o cafezinho&#8217; \u2013 um gesto de hospitalidade brasileira encontrado desde os rinc\u00f5es interioranos at\u00e9 os ambientes de poder do pa\u00eds, o caf\u00e9 descoberto pelos \u00e1rabes \u00e9 origin\u00e1rio do Yeman: Hadidat, Hadan e Mokha (cidades do caf\u00e9), veio a se tornar um dos primeiros componentes do desenvolvimento da economia brasileira&#8221;, explica a core\u00f3grafa.<br><br><strong>Ousseima tamb\u00e9m afirma que o Projeto, de forma l\u00fadica, destaca a import\u00e2ncia da UNI\u00c3O e da PAZ entre os povos e prop\u00f5e trazer por meio da dan\u00e7ateatro, uma reflex\u00e3o profunda sobre o sentido da exist\u00eancia e a mudan\u00e7a de paradigmas da humanidade.<\/strong>\u00a0<br><br>&#8220;Tudo, a partir do sagrado feminino, culminando em quest\u00f5es centrais da decad\u00eancia da pr\u00f3pria humanidade; evidencia o conflito humano em rela\u00e7\u00e3o \u00e0 vida, \u00e0 morte e ao dom\u00ednio do Ego e suas mentiras, gan\u00e2ncia, inveja, medo e apego e promove a compreens\u00e3o, de que\u00a0<strong>a partir de uma decis\u00e3o interna, apesar da dualidade existente no ser humano, a Verdade e o Amor s\u00e3o os caminhos que possibilitam o encontro com a pr\u00f3pria ess\u00eancia e o despertar o &#8216;Eu Divino&#8217; em cada um de n\u00f3s&#8221;<\/strong>, pontua.<br><br>Em um dos di\u00e1logos do espet\u00e1culo, o pensamento retrata a situa\u00e7\u00e3o humana atual: \u201c&#8230;Olhe ao seu redor e veja as montanhas alcan\u00e7ando o c\u00e9u, olhe os penhascos, as rochas, todos s\u00e3o consci\u00eancias petrificadas, expostas \u00e0s tempestades devastadoras, ao sol escaldante e aos ventos que assolam sem d\u00f3. <br><br>Assim est\u00e1 a humanidade agora, petrificada e exposta \u00e0s suas emo\u00e7\u00f5es.&#8221;<strong>NUR A FILHA DE RH\u00c1\u00a0&#8211;\u00a0<\/strong>O espet\u00e1culo fala de \u201cNur\u201d- um suposto ser feminino surgido de um ponto distante do Universo, em uma \u00e9poca em que a Terra se encontrava no in\u00edcio da ocupa\u00e7\u00e3o humana e sua evolu\u00e7\u00e3o, com o prop\u00f3sito de descobrir, aprender e ajudar. Observando o cotidiano humano, a curiosidade tomou conta de seu ser, ela n\u00e3o entendia, porque as pessoas em alguns momentos choravam, em outros riam, assim como em outros brigavam&#8230; Tudo ia muito bem at\u00e9 que ela decidiu ser humana, pois queria vivenciar e compreender as emo\u00e7\u00f5es de existir pela mat\u00e9ria.<br><br>Inicia sua jornada humana no deserto e logo depara- se com um andarilho que surgido n\u00e3o se sabe de onde, pula diante dela como um \u201c fantasma\u201d dizendo: &#8211; Por All\u00e1h ! De onde surgiu essa criatura t\u00e3o formosa e sozinha, vagando pelo deserto?! N\u00e3o tens medo das serpentes que rastejam pelas areias, sedentas em despejar o seu veneno? Nem dos chacais que calmamente arrebatam a vida de suas v\u00edtimas?&#8230;E assim nessa sua jornada pelo deserto da exist\u00eancia humana, experi\u00eancia o cotidiano com suas dificuldades e entre perdas e ganhos se depara com a gan\u00e2ncia, a alegria, a inveja, a verdade, a mentira, o amor e vivencia intensamente o medo e o apego; envolvida pelas tramas do destino perde o contato com o seu \u201cEu Divino\u201d.<br><\/p>\n\n\n\n<p>A partir da\u00ed, inicia um processo de resgate de si mesma; abre a sua consci\u00eancia para o novo e em questionamentos e procura incessante pela Verdade e pelo Amor, liberta-se de condicionamentos e preconceitos, assim como do dom\u00ednio do Ego e o coloca a seu servi\u00e7o, vence os seus medos e apegos; nesse processo Nur compreende profundamente o sentido da Verdade e a import\u00e2ncia do Amor que tudo une, tudo protege e tudo cria, reconecta-se com a ess\u00eancia do seu SER e numa gloriosa performance \u00e0 LUZ, declara sua cidadania universal!<\/p>\n\n\n\n<p><strong>Apoio &#8211;&nbsp;<\/strong>O Grupo O\u00e1sis, \u00d4nix Comex, Portal Refil, Tuca Videomaker, Instituto Fazer o Bem, Ana Paula Martins Produ\u00e7\u00f5es, Centro de Dan\u00e7a do Distrito Federal, Complexo Cultural de Planaltina e SESC-DF apoiam o projeto&nbsp;<strong>&nbsp;\u201c<\/strong>NUR, A FILHA DE RH\u00c1\u201d<br><strong>Ficha T\u00e9cnica<br><\/strong><strong>Dire\u00e7\u00e3o, texto e coreografias<\/strong>: Ousseima Imad (Shams)<br><strong>Elenco<\/strong>: &#8211; Abigail Castilho, \u00c1quila Silver,Carmen Mee, Francisco Leal, Hyandra Ello. Lucas Amado, Nayara Scaramussa, Rodrigo Issa, R\u00f4mulo Mendes, Tain\u00e1 Palitot e Fiakra<strong>Bailarinas convidadas<\/strong>: Jalila Najla e Mariana Pereira Alves da Silva<br><strong>Produ\u00e7\u00e3o executiva:<\/strong>&nbsp;Jorge Andr\u00e9 Fernandes Cavalcante<br><strong>Assistente de dire\u00e7\u00e3o<\/strong>: \u00c9lia Cavalcante<br><strong>Assistente de produ\u00e7\u00e3o<\/strong>: Ana Paula Martins<br><strong>Iluminador<\/strong>: Marcelo Augusto<strong>Cen\u00f3grafo:<\/strong>&nbsp;Guto Viscardi (In Memorian)<strong>Assistente de cenografia<\/strong>:&nbsp;Roustang Carrilho e Rodrigo Lelis<br><strong>Assessoria de imprensa<\/strong>: Marcos Linhares<br><strong>Designer gr\u00e1fico<\/strong>: Renata Fontenelle&nbsp;<strong>Fot\u00f3grafo e cinegrafista<\/strong>: Thiago Barreto (Tuca)<strong>Operador de som:<\/strong>&nbsp;Emerson Lima<br><strong>Contrarregra:&nbsp;<\/strong>Fiakra<strong>Int\u00e9rprete de libras:&nbsp;<\/strong>Raquel Melo Silva e Ruth Melo da Silva<\/p>\n\n\n\n<p>SERVI\u00c7O \u2013&nbsp;<strong>&nbsp;\u201cNUR, A FILHA DE RH\u00c1\u201d (Dan\u00e7a\/Teatro)<\/strong><br>&nbsp; &nbsp; &nbsp; &nbsp; &nbsp; &nbsp; &nbsp; &nbsp; &nbsp; &nbsp; &nbsp; &nbsp;Abril de 2022<strong>PLANALTINA<\/strong>02 de abril, \u00e0s 16h e 20h<br>Complexo Cultural de Planaltina<br>Avenida Uberdan Cardoso, Setor Administrativo, lote 02<br>(Ao lado da Administra\u00e7\u00e3o Regional de Planaltina)<\/p>\n\n\n\n<p><strong>PLANO PILOTO &#8211; ASA SUL<\/strong><br>03 de abril, \u00e0s 16h e 20h<br>Teatro SESC Garagem<br>713\/913 Sul<\/p>\n\n\n\n<p><strong>&nbsp;TAGUATINGA NORTE<\/strong><br>06 de abril, \u00e0s 16h e 20h<br>Teatro SESC Paulo Autran<br>CNB 12 AE 2\/3<\/p>\n\n\n\n<p>Ingressos:&nbsp;Entrada gratuita mediante doa\u00e7\u00e3o volunt\u00e1ria de 1kg de alimento n\u00e3o perec\u00edvel(exceto sal).&nbsp;<\/p>\n\n\n\n<p>O projeto &nbsp;Nur, a Filha de Rh\u00e1, conta com patroc\u00ednio da Secretaria de Cultura e Economia Criativa do DF, do GDF, por meio do Fundo de Apoio \u00e0 Cultura do DF (FAC-DF).<br>Telefone de contato para o p\u00fablico: Jorge Andr\u00e9- (61) 99193-3049&nbsp;<br>Cr\u00e9dito das Fotos: Thiago BarretoAssessoria de Imprensa; 61 99905-5905- Marcos Linhares<\/p>\n","protected":false},"excerpt":{"rendered":"<p>Projeto circular\u00e1 em tr\u00eas regi\u00f5es administrativas do DF Em meio a tantas discuss\u00f5es sobre fronteiras e pessoas que comp\u00f5em o mosaico de nossas vidas, surge a circula\u00e7\u00e3o de Nur, a Filha de Rh\u00e1, espet\u00e1culo brasiliense de dan\u00e7a\/teatro que far\u00e1 pequena turn\u00ea em tr\u00eas regi\u00f5es administrativas do DF. \u00a0Todas as \u00a0apresenta\u00e7\u00f5es ser\u00e3o realizadas sempre em duas [&hellip;]<\/p>\n","protected":false},"author":1,"featured_media":0,"comment_status":"open","ping_status":"open","sticky":false,"template":"","format":"standard","meta":{"footnotes":""},"categories":[],"tags":[],"class_list":["post-5520","post","type-post","status-publish","format-standard","hentry"],"_links":{"self":[{"href":"https:\/\/aguaslindasnoticias.com.br\/index.php\/wp-json\/wp\/v2\/posts\/5520","targetHints":{"allow":["GET"]}}],"collection":[{"href":"https:\/\/aguaslindasnoticias.com.br\/index.php\/wp-json\/wp\/v2\/posts"}],"about":[{"href":"https:\/\/aguaslindasnoticias.com.br\/index.php\/wp-json\/wp\/v2\/types\/post"}],"author":[{"embeddable":true,"href":"https:\/\/aguaslindasnoticias.com.br\/index.php\/wp-json\/wp\/v2\/users\/1"}],"replies":[{"embeddable":true,"href":"https:\/\/aguaslindasnoticias.com.br\/index.php\/wp-json\/wp\/v2\/comments?post=5520"}],"version-history":[{"count":0,"href":"https:\/\/aguaslindasnoticias.com.br\/index.php\/wp-json\/wp\/v2\/posts\/5520\/revisions"}],"wp:attachment":[{"href":"https:\/\/aguaslindasnoticias.com.br\/index.php\/wp-json\/wp\/v2\/media?parent=5520"}],"wp:term":[{"taxonomy":"category","embeddable":true,"href":"https:\/\/aguaslindasnoticias.com.br\/index.php\/wp-json\/wp\/v2\/categories?post=5520"},{"taxonomy":"post_tag","embeddable":true,"href":"https:\/\/aguaslindasnoticias.com.br\/index.php\/wp-json\/wp\/v2\/tags?post=5520"}],"curies":[{"name":"wp","href":"https:\/\/api.w.org\/{rel}","templated":true}]}}