{"id":5518,"date":"2023-01-04T10:13:31","date_gmt":"2023-01-04T13:13:31","guid":{"rendered":"https:\/\/aguaslindasnoticias.com.br\/index.php\/2023\/01\/04\/vi-mostra-cultural-afro-brasileira-do-gama\/"},"modified":"2023-01-04T10:13:31","modified_gmt":"2023-01-04T13:13:31","slug":"vi-mostra-cultural-afro-brasileira-do-gama","status":"publish","type":"post","link":"https:\/\/aguaslindasnoticias.com.br\/index.php\/2023\/01\/04\/vi-mostra-cultural-afro-brasileira-do-gama\/","title":{"rendered":"VI Mostra Cultural Afro-Brasileira do Gama"},"content":{"rendered":"\n<figure class=\"wp-block-image size-large\"><img decoding=\"async\" src=\"http:\/\/claricegulyas.com.br\/wp-content\/uploads\/2022\/03\/FB_IMG_1648125366761-1024x683.jpg\" alt=\"\" class=\"wp-image-9791\"\/><\/figure>\n\n\n\n<p>Incr\u00edveis espet\u00e1culos de dan\u00e7a, teatro, m\u00fasica, design e moda.<\/p>\n\n\n\n<p>Neste s\u00e1bado (26\/03), das 9h \u00e0s 21h, o Teatro da Cia L\u00e1bios da Lua (Comercial da Quadra 4 Lote 16 Setor Sul), receber\u00e1 espet\u00e1culos de dan\u00e7a, teatro, m\u00fasica, design e moda, numa verdadeira maratona de atividades da VI MOSTRA CULTURAL AFRO-BRASILEIRA DO GAMA, que integra o Circuito de Arte e Cultura do Gama. Tudo aberto e gratuito. O Circuito ainda conta com a realiza\u00e7\u00e3o e exibi\u00e7\u00e3o do document\u00e1rio\u201cA Hist\u00f3ria por Tr\u00e1s do Disco\u201d e a a\u00e7\u00e3o cultural \u201cArte na Ponte\u201d, da Cia. Cidade dos Bonecos, com apresenta\u00e7\u00f5es teatrais no N\u00facleo Rural Ponte Alta Norte.&nbsp;<\/p>\n\n\n\n<p>O Circuito \u00e9 realizado por meio de um Termo de Fomento da Secretaria de Estado de Cultura e Economia Criativa, do GDF.<\/p>\n\n\n\n<p>Para o presidente do Movimento Afrodescendente de Brasilia (MADEB), Vin\u00edcius Gomes, a VI Mostra trata-se de um evento em comemora\u00e7\u00e3o \u00e0 contribui\u00e7\u00e3o cultural para forma\u00e7\u00e3o do povo brasileiro.<\/p>\n\n\n\n<p><em>A programa\u00e7\u00e3o do evento ir\u00e1 contemplar 3 apresenta\u00e7\u00f5es musicais, 1 apresenta\u00e7\u00e3o de dan\u00e7a, 2 palestras e 2 oficinas formativas, com dura\u00e7\u00e3o total de 12 horas.&nbsp;<\/em><\/p>\n\n\n\n<p><em>&#8220;Estamos cumprindo o nosso papel, afinal o Madeb \u00e9 uma<\/em>&nbsp;entidade que h\u00e1 10 anos mant\u00e9m o objetivo de conscientizar a comunidade, em especial os alunos de escolas p\u00fablicas e privadas, acerca da cultura e das quest\u00f5es sociais que envolvam o povo negro e suas etnias&#8221;, finaliza Vin\u00edcius.&nbsp;&nbsp;<\/p>\n\n\n\n<p>O coordenador-geral do Circuito, Domingos Rodrigo, explica que&nbsp;<\/p>\n\n\n\n<p>O Circuito tamb\u00e9m permite um retorno \u00e0s atividades culturais presenciais, itinerantes em espa\u00e7os p\u00fablicos e privados, com expectativa de p\u00fablico de cinco mil&nbsp; pessoas, o que nos deixa para l\u00e1 de satisfeitos&#8221;, comemora Rodrigo.&nbsp;<\/p>\n\n\n\n<p><strong>Acessibilidade<\/strong><br>Em todas as apresenta\u00e7\u00f5es ser\u00e3o distribu\u00eddos<em>&nbsp;flyers em braile.<\/em><\/p>\n\n\n\n<p><em>Cronograma<\/em><\/p>\n\n\n\n<p>Hor\u00e1rio: 09h \u00e0s 22h<\/p>\n\n\n\n<p>09:00 &#8211; Abertura com mestre de cerim\u00f4nias Big Ejay<\/p>\n\n\n\n<p>09:15 &#8211; feminismo negro e constru\u00e7\u00e3o da imagem da mulher negra na sociedade com a Professora Larissa&nbsp;<\/p>\n\n\n\n<p>10:15 &#8211; Oficina de dan\u00e7a contempor\u00e2nea &#8211; Grupo Azulim&nbsp;<\/p>\n\n\n\n<p>11:15 &#8211; As implica\u00e7\u00f5es do racismos para a juventude negra e o desafio de implementar a educa\u00e7\u00e3o e direitos antiracista com Professor Doutor J\u00falio Lisboa&nbsp;<\/p>\n\n\n\n<p>13:15 &#8211; Oficina de Soul &#8211; Grupo Azulim&nbsp;<\/p>\n\n\n\n<p>14:15 &#8211; Oficina de beleza &#8211; Agatha Mikaelly&nbsp;<\/p>\n\n\n\n<p>15:15 &#8211; Oficina breakdance &#8211; Grupo Azulim<\/p>\n\n\n\n<p>16:15 &#8211; Oficina de artesanato &#8211; Neide<\/p>\n\n\n\n<p>17:15 &#8211; Teatro Tributo MADEB &#8211; Projeto Africanidade nas Escolas (MADEB)<\/p>\n\n\n\n<p>18:00 &#8211; Lara Lis e Aqualtunee<\/p>\n\n\n\n<p>19:00 &#8211; Lohany Kayn\u00e1&nbsp;<\/p>\n\n\n\n<p>20:00 &#8211; Neemias MC&nbsp;<\/p>\n\n\n\n<p>21:00 &#8211; Minhoca<\/p>\n\n\n\n<p>Institui\u00e7\u00f5es<\/p>\n\n\n\n<p>A SONART \u00e9 a respons\u00e1vel pela Coordena\u00e7\u00e3o Geral de Produ\u00e7\u00e3o e Gest\u00e3o Administrativa do projeto. J\u00e1 as apresenta\u00e7\u00f5es ficam por conta dos grupos:<\/p>\n\n\n\n<p><strong>O Movimento Afrodescendente de Bras\u00edlia &#8211; MADEB<\/strong>&nbsp; \u00e9 uma Organiza\u00e7\u00e3o beneficente, social, cultural e ambiental. Desde a cria\u00e7\u00e3o do grupo, h\u00e1&nbsp; cerca de 13 anos, os integrantes se preocupam em trabalhar africanidades nas escolas p\u00fablicas e disseminar o entendimento sobre a cultura negra na comunidade do Gama. Os eventos promovidos pelo grupo s\u00e3o compostos por dois momentos: come\u00e7a com a apresenta\u00e7\u00e3o de personalidades brasileiras e internacionais da cultura negra, mostrando a luta e hist\u00f3ria dessas pessoas, al\u00e9m de ter apresenta\u00e7\u00e3o de teatro. Depois do teatro, os participantes do Madeb finalizam com oficinas.<\/p>\n\n\n\n<p>Servi\u00e7o:&nbsp;&nbsp;<strong>VI Mostra Cultural Afro-Brasileira do Gama<\/strong>, do Madeb -Incr\u00edveis espet\u00e1culos de dan\u00e7a, teatro, m\u00fasica, design e moda. A Mostra integra o Circuito de Arte e Cultura do Gama<\/p>\n\n\n\n<p>Onde:Teatro da Cia L\u00e1bios da Lua (Comercial da Quadra 4 Lote 16 Setor Sul<\/p>\n\n\n\n<p>Quando: s\u00e1bado, 26\/3,como segue:<\/p>\n\n\n\n<p>Hor\u00e1rio: 09h \u00e0s 22h<\/p>\n\n\n\n<p>09h- Abertura com mestre de cerim\u00f4nias Big Ejay<\/p>\n\n\n\n<p>09:15 &#8211; feminismo negro e constru\u00e7\u00e3o da imagem da mulher negra na sociedade com a Professora Larissa&nbsp;<\/p>\n\n\n\n<p>10:15 &#8211; Oficina de dan\u00e7a contempor\u00e2nea &#8211; Grupo Azulim&nbsp;<\/p>\n\n\n\n<p>11:15 &#8211;&nbsp; As implica\u00e7\u00f5es do racismos para a juventude negra e o desafio de implementar a educa\u00e7\u00e3o e direitos antiracista com Professor Doutor J\u00falio Lisboa&nbsp;<\/p>\n\n\n\n<p>13:15 &#8211; Oficina de Soul &#8211; Grupo Azulim&nbsp;<\/p>\n\n\n\n<p>14:15 &#8211; Oficina de beleza &#8211; Agatha Mikaelly&nbsp;<\/p>\n\n\n\n<p>15:15 &#8211; Oficina breakdance &#8211; Grupo Azulim<\/p>\n\n\n\n<p>16:15 &#8211; Oficina de artesanato &#8211; Neide<\/p>\n\n\n\n<p>17:15 &#8211; Teatro Tributo MADEB &#8211; Projeto Africanidade nas Escolas (MADEB)<\/p>\n\n\n\n<p>18:00 &#8211; Lara Lis e Aqualtunee<\/p>\n\n\n\n<p>19:00 &#8211; Lohany Kayn\u00e1&nbsp;<\/p>\n\n\n\n<p>20:00 &#8211; Neemias MC&nbsp;<\/p>\n\n\n\n<p>21:00 &#8211; Minhoca<\/p>\n\n\n\n<p>O Circuito \u00e9 realizado por meio de um Termo de Fomento da Secretaria de Estado de Cultura e Economia Criativa, do GDF.<\/p>\n\n\n\n<p><strong>Informa\u00e7\u00f5es: (61) 99408-2505<\/strong><\/p>\n","protected":false},"excerpt":{"rendered":"<p>Incr\u00edveis espet\u00e1culos de dan\u00e7a, teatro, m\u00fasica, design e moda. Neste s\u00e1bado (26\/03), das 9h \u00e0s 21h, o Teatro da Cia L\u00e1bios da Lua (Comercial da Quadra 4 Lote 16 Setor Sul), receber\u00e1 espet\u00e1culos de dan\u00e7a, teatro, m\u00fasica, design e moda, numa verdadeira maratona de atividades da VI MOSTRA CULTURAL AFRO-BRASILEIRA DO GAMA, que integra o [&hellip;]<\/p>\n","protected":false},"author":1,"featured_media":0,"comment_status":"open","ping_status":"open","sticky":false,"template":"","format":"standard","meta":{"footnotes":""},"categories":[],"tags":[],"class_list":["post-5518","post","type-post","status-publish","format-standard","hentry"],"_links":{"self":[{"href":"https:\/\/aguaslindasnoticias.com.br\/index.php\/wp-json\/wp\/v2\/posts\/5518","targetHints":{"allow":["GET"]}}],"collection":[{"href":"https:\/\/aguaslindasnoticias.com.br\/index.php\/wp-json\/wp\/v2\/posts"}],"about":[{"href":"https:\/\/aguaslindasnoticias.com.br\/index.php\/wp-json\/wp\/v2\/types\/post"}],"author":[{"embeddable":true,"href":"https:\/\/aguaslindasnoticias.com.br\/index.php\/wp-json\/wp\/v2\/users\/1"}],"replies":[{"embeddable":true,"href":"https:\/\/aguaslindasnoticias.com.br\/index.php\/wp-json\/wp\/v2\/comments?post=5518"}],"version-history":[{"count":0,"href":"https:\/\/aguaslindasnoticias.com.br\/index.php\/wp-json\/wp\/v2\/posts\/5518\/revisions"}],"wp:attachment":[{"href":"https:\/\/aguaslindasnoticias.com.br\/index.php\/wp-json\/wp\/v2\/media?parent=5518"}],"wp:term":[{"taxonomy":"category","embeddable":true,"href":"https:\/\/aguaslindasnoticias.com.br\/index.php\/wp-json\/wp\/v2\/categories?post=5518"},{"taxonomy":"post_tag","embeddable":true,"href":"https:\/\/aguaslindasnoticias.com.br\/index.php\/wp-json\/wp\/v2\/tags?post=5518"}],"curies":[{"name":"wp","href":"https:\/\/api.w.org\/{rel}","templated":true}]}}