{"id":5517,"date":"2023-01-04T10:13:31","date_gmt":"2023-01-04T13:13:31","guid":{"rendered":"https:\/\/aguaslindasnoticias.com.br\/index.php\/2023\/01\/04\/procuradoria-especial-da-mulher-ira-realizar-sessao-solene-sobre-planejamento-familiar-reprodutivo-na-cldf\/"},"modified":"2023-01-04T10:13:31","modified_gmt":"2023-01-04T13:13:31","slug":"procuradoria-especial-da-mulher-ira-realizar-sessao-solene-sobre-planejamento-familiar-reprodutivo-na-cldf","status":"publish","type":"post","link":"https:\/\/aguaslindasnoticias.com.br\/index.php\/2023\/01\/04\/procuradoria-especial-da-mulher-ira-realizar-sessao-solene-sobre-planejamento-familiar-reprodutivo-na-cldf\/","title":{"rendered":"Procuradoria Especial da Mulher ir\u00e1 realizar sess\u00e3o solene sobre Planejamento Familiar Reprodutivo na CLDF"},"content":{"rendered":"\n<figure class=\"wp-block-image size-large\"><img decoding=\"async\" src=\"http:\/\/claricegulyas.com.br\/wp-content\/uploads\/2022\/03\/WhatsApp-Image-2022-03-24-at-15.18.35.jpeg\" alt=\"\" class=\"wp-image-9787\"\/><\/figure>\n\n\n\n<p>A procuradora da Mulher na C\u00e2mara Legislativa do Distrito Federal (CLDF), deputada J\u00falia Lucy, organizou uma sess\u00e3o solene para apresentar as a\u00e7\u00f5es de Planejamento Familiar Reprodutivo, realizadas desde 2019 pela Procuradoria Especial da Mulher (PEM). A solenidade ir\u00e1 celebrar a parceria firmada entre a Procuradoria, o Grupo Mulheres do Brasil DF e as institui\u00e7\u00f5es parceiras, em favor da pauta.<\/p>\n\n\n\n<p>\u201cA pol\u00edtica p\u00fablica de Planejamento Familiar Reprodutivo \u00e9 a mais importante que existe e por ela venho lutando, de forma pioneira, no DF. Nossas jovens est\u00e3o interrompendo os seus estudos, passando por gesta\u00e7\u00f5es de risco e perdendo oportunidades de crescimento e chances em suas vidas. Fui m\u00e3e aos 17 anos, sei bem o qu\u00e3o dif\u00edcil \u00e9 seguir os estudos e iniciar a vida profissional tendo um beb\u00ea para cuidar. A preven\u00e7\u00e3o da gravidez n\u00e3o planejada, especialmente entre jovens adolescentes, muda o futuro\u201d, afirma J\u00falia Lucy.<\/p>\n\n\n\n<p>O evento ser\u00e1 realizado na pr\u00f3xima sexta-feira, dia 25 de mar\u00e7o de 2022, \u00e0s 15h, no Plen\u00e1rio da CLDF e ir\u00e1 homenagear as pessoas que contribu\u00edram para a realiza\u00e7\u00e3o dos procedimentos que envolvem toda a a\u00e7\u00e3o. Est\u00e3o entre elas, a diretora de Aten\u00e7\u00e3o Integral \u00e0 Sa\u00fade, Dra. Andr\u00e9ia Ara\u00fajo, \u00e0 \u00e9poca diretora do Hospital Materno Infantil de Bras\u00edlia (HMIB), e o m\u00e9dico ginecologista obstetra, Dr. Adriano Bueno Tavares. Em 2019, na primeira a\u00e7\u00e3o da PEM no Distrito Federal, ambos proporcionaram o atendimento de mais de 100 mulheres em consultas preventivas e na inser\u00e7\u00e3o dos dispositivos intrauterinos (DIU) no HMIB e organizaram o mutir\u00e3o realizado na Cidade Estrutural.<\/p>\n\n\n\n<p>Outra homenageada \u00e9 a superintendente da Regi\u00e3o de Sa\u00fade Centro-Sul, Dra. Fl\u00e1via Oliveira Costa. Quando os \u00edndices da pandemia come\u00e7aram a cair no final de 2021, a institui\u00e7\u00e3o, sob o seu comando, deu seguimento \u00e0s a\u00e7\u00f5es iniciadas pela PEM nas Unidades B\u00e1sicas de Sa\u00fade (UBS) da Estrutural, Riacho Fundo I e II, N\u00facleo Bandeirante e Guar\u00e1. V\u00e1rias mulheres da regi\u00e3o em situa\u00e7\u00e3o de vulnerabilidade foram atendidas.<\/p>\n\n\n\n<p>Agora em 2022, as iniciativas da PEM tamb\u00e9m receberam o apoio da Superintend\u00eancia da Regi\u00e3o Central de Sa\u00fade, por meio do Dr. Paulo Roberto da Silva Junior. O superintendente, em parceria conjunta com a Dra. Mariana Alcazas, diretora do Hospital Regional da Asa Norte (HRAN), reuniu sua equipe t\u00e9cnica para promover o atendimento das mulheres cuidadas pela Procuradoria no HRAN. O suporte do Laborat\u00f3rio de An\u00e1lises Cl\u00ednicas foi fundamental para realizar os exames necess\u00e1rios \u00e0 inser\u00e7\u00e3o do DIU, sob os cuidados do respons\u00e1vel t\u00e9cnico da Ginecologia e Obstetr\u00edcia, Marcelo Cronemberg.<\/p>\n\n\n\n<p>Ao todo, s\u00e3o mais de 1.000 mulheres que recorreram \u00e0 Procuradoria da Mulher, em busca de romper o ciclo da gravidez n\u00e3o planejada, a partir da inser\u00e7\u00e3o do DIU e de cirurgias de laqueadura. Todos os procedimentos foram realizados conforme prescri\u00e7\u00e3o e indica\u00e7\u00e3o m\u00e9dica.<\/p>\n","protected":false},"excerpt":{"rendered":"<p>A procuradora da Mulher na C\u00e2mara Legislativa do Distrito Federal (CLDF), deputada J\u00falia Lucy, organizou uma sess\u00e3o solene para apresentar as a\u00e7\u00f5es de Planejamento Familiar Reprodutivo, realizadas desde 2019 pela Procuradoria Especial da Mulher (PEM). A solenidade ir\u00e1 celebrar a parceria firmada entre a Procuradoria, o Grupo Mulheres do Brasil DF e as institui\u00e7\u00f5es parceiras, [&hellip;]<\/p>\n","protected":false},"author":1,"featured_media":0,"comment_status":"open","ping_status":"open","sticky":false,"template":"","format":"standard","meta":{"footnotes":""},"categories":[],"tags":[],"class_list":["post-5517","post","type-post","status-publish","format-standard","hentry"],"_links":{"self":[{"href":"https:\/\/aguaslindasnoticias.com.br\/index.php\/wp-json\/wp\/v2\/posts\/5517","targetHints":{"allow":["GET"]}}],"collection":[{"href":"https:\/\/aguaslindasnoticias.com.br\/index.php\/wp-json\/wp\/v2\/posts"}],"about":[{"href":"https:\/\/aguaslindasnoticias.com.br\/index.php\/wp-json\/wp\/v2\/types\/post"}],"author":[{"embeddable":true,"href":"https:\/\/aguaslindasnoticias.com.br\/index.php\/wp-json\/wp\/v2\/users\/1"}],"replies":[{"embeddable":true,"href":"https:\/\/aguaslindasnoticias.com.br\/index.php\/wp-json\/wp\/v2\/comments?post=5517"}],"version-history":[{"count":0,"href":"https:\/\/aguaslindasnoticias.com.br\/index.php\/wp-json\/wp\/v2\/posts\/5517\/revisions"}],"wp:attachment":[{"href":"https:\/\/aguaslindasnoticias.com.br\/index.php\/wp-json\/wp\/v2\/media?parent=5517"}],"wp:term":[{"taxonomy":"category","embeddable":true,"href":"https:\/\/aguaslindasnoticias.com.br\/index.php\/wp-json\/wp\/v2\/categories?post=5517"},{"taxonomy":"post_tag","embeddable":true,"href":"https:\/\/aguaslindasnoticias.com.br\/index.php\/wp-json\/wp\/v2\/tags?post=5517"}],"curies":[{"name":"wp","href":"https:\/\/api.w.org\/{rel}","templated":true}]}}