{"id":5516,"date":"2023-01-04T10:13:31","date_gmt":"2023-01-04T13:13:31","guid":{"rendered":"https:\/\/aguaslindasnoticias.com.br\/index.php\/2023\/01\/04\/auditores-fiscais-inspetores-do-dflegal-e-agentes-de-fiscalizacao-do-procon-df-ganham-reajuste-na-indenizacao-de-transporte\/"},"modified":"2023-01-04T10:13:31","modified_gmt":"2023-01-04T13:13:31","slug":"auditores-fiscais-inspetores-do-dflegal-e-agentes-de-fiscalizacao-do-procon-df-ganham-reajuste-na-indenizacao-de-transporte","status":"publish","type":"post","link":"https:\/\/aguaslindasnoticias.com.br\/index.php\/2023\/01\/04\/auditores-fiscais-inspetores-do-dflegal-e-agentes-de-fiscalizacao-do-procon-df-ganham-reajuste-na-indenizacao-de-transporte\/","title":{"rendered":"Auditores-fiscais, inspetores do DFLegal e agentes de fiscaliza\u00e7\u00e3o do Procon-DF ganham reajuste na indeniza\u00e7\u00e3o de transporte"},"content":{"rendered":"\n<figure class=\"wp-block-image size-large\"><img decoding=\"async\" src=\"http:\/\/claricegulyas.com.br\/wp-content\/uploads\/2022\/03\/51958420161_56f3972c05_c.jpg\" alt=\"\" class=\"wp-image-9782\"\/><figcaption>Foto: Renato Alves\/Ag\u00eancia Bras\u00edlia.<\/figcaption><\/figure>\n\n\n\n<p>Ato de assinatura de decreto de reajuste no Pal\u00e1cio do Buriti com a presen\u00e7a de integrantes da carreira e representantes como o auditor-fiscal e deputado Jo\u00e3o Cardoso foi realizado nesta quinta-feira, 24 de mar\u00e7o<\/p>\n\n\n\n<p>Na manh\u00e3 desta quinta-feira o governador @ibaneisoficial assinou o decreto que reajusta a indeniza\u00e7\u00e3o de transporte destes servidores que utilizam os pr\u00f3prios ve\u00edculos para desempenho das atividades de fiscaliza\u00e7\u00e3o para R$ 2.300,00, com vista a padronizar a indeniza\u00e7\u00e3o.<\/p>\n\n\n\n<p>Medida que busca minimizar os impactos na vida desses servidores principalmente agora com a alta dos combust\u00edveis. Muito feliz por esta vit\u00f3ria conseguida para os colegas de carreira.<\/p>\n\n\n\n<p>\u201cNessa \u00e1rea do servi\u00e7o p\u00fablico sei que ainda h\u00e1 muita coisa a ser feita, mas fico feliz em termos atendido hoje essa demanda que foi trazida a mim por integrantes da carreira como o deputado Jo\u00e3o Cardoso, entre outros colegas pol\u00edticos tamb\u00e9m da carreira como R\u00f4ney Nemer e Pepa\u201d, pontuou o governador.<\/p>\n\n\n\n<p>O deputado Jo\u00e3o Cardoso agradeceu ao GDF pelo atendimento da reinvindica\u00e7\u00e3o destes servidores que se fazia latente. \u201cEstou feliz por temos participado desta conquista dos colegas auditores-ficais e inspetores da carreira de atividades urbanas, bem como dos fiscais do Procon-DF. Sabemos que ainda temos muito a caminhar para conseguirmos ainda mais qualidade de vida e equipara\u00e7\u00e3o para os servidores do DF, daqui seguimos a disposi\u00e7\u00e3o para no que pudermos, seguirmos trabalhando para voc\u00eas\u201d, destacou Jo\u00e3o Cardoso.<\/p>\n","protected":false},"excerpt":{"rendered":"<p>Ato de assinatura de decreto de reajuste no Pal\u00e1cio do Buriti com a presen\u00e7a de integrantes da carreira e representantes como o auditor-fiscal e deputado Jo\u00e3o Cardoso foi realizado nesta quinta-feira, 24 de mar\u00e7o Na manh\u00e3 desta quinta-feira o governador @ibaneisoficial assinou o decreto que reajusta a indeniza\u00e7\u00e3o de transporte destes servidores que utilizam os [&hellip;]<\/p>\n","protected":false},"author":1,"featured_media":0,"comment_status":"open","ping_status":"open","sticky":false,"template":"","format":"standard","meta":{"footnotes":""},"categories":[],"tags":[],"class_list":["post-5516","post","type-post","status-publish","format-standard","hentry"],"_links":{"self":[{"href":"https:\/\/aguaslindasnoticias.com.br\/index.php\/wp-json\/wp\/v2\/posts\/5516","targetHints":{"allow":["GET"]}}],"collection":[{"href":"https:\/\/aguaslindasnoticias.com.br\/index.php\/wp-json\/wp\/v2\/posts"}],"about":[{"href":"https:\/\/aguaslindasnoticias.com.br\/index.php\/wp-json\/wp\/v2\/types\/post"}],"author":[{"embeddable":true,"href":"https:\/\/aguaslindasnoticias.com.br\/index.php\/wp-json\/wp\/v2\/users\/1"}],"replies":[{"embeddable":true,"href":"https:\/\/aguaslindasnoticias.com.br\/index.php\/wp-json\/wp\/v2\/comments?post=5516"}],"version-history":[{"count":0,"href":"https:\/\/aguaslindasnoticias.com.br\/index.php\/wp-json\/wp\/v2\/posts\/5516\/revisions"}],"wp:attachment":[{"href":"https:\/\/aguaslindasnoticias.com.br\/index.php\/wp-json\/wp\/v2\/media?parent=5516"}],"wp:term":[{"taxonomy":"category","embeddable":true,"href":"https:\/\/aguaslindasnoticias.com.br\/index.php\/wp-json\/wp\/v2\/categories?post=5516"},{"taxonomy":"post_tag","embeddable":true,"href":"https:\/\/aguaslindasnoticias.com.br\/index.php\/wp-json\/wp\/v2\/tags?post=5516"}],"curies":[{"name":"wp","href":"https:\/\/api.w.org\/{rel}","templated":true}]}}