{"id":5514,"date":"2023-01-04T10:13:31","date_gmt":"2023-01-04T13:13:31","guid":{"rendered":"https:\/\/aguaslindasnoticias.com.br\/index.php\/2023\/01\/04\/juliana-porcaro-assume-comissao-da-associacao-brasileira-de-advogados\/"},"modified":"2023-01-04T10:13:31","modified_gmt":"2023-01-04T13:13:31","slug":"juliana-porcaro-assume-comissao-da-associacao-brasileira-de-advogados","status":"publish","type":"post","link":"https:\/\/aguaslindasnoticias.com.br\/index.php\/2023\/01\/04\/juliana-porcaro-assume-comissao-da-associacao-brasileira-de-advogados\/","title":{"rendered":"Juliana Porcaro assume comiss\u00e3o da Associa\u00e7\u00e3o Brasileira de Advogados"},"content":{"rendered":"\n<figure class=\"wp-block-image size-large\"><img decoding=\"async\" src=\"http:\/\/claricegulyas.com.br\/wp-content\/uploads\/2022\/03\/juliana-porcaro-advogada-posse-aba-1024x615.png\" alt=\"\" class=\"wp-image-9772\"\/><\/figure>\n\n\n\n<p>Not\u00f3ria advogada do ramo penal do Distrito Federal, Juliana Porcaro P. de Saboia assumiu nesta quarta (23\/3), a presid\u00eancia da Comiss\u00e3o Nacional de Direito da Arte da Associa\u00e7\u00e3o Brasileira de Advogados (ABA). A solenidade de posse ocorreu na sede da entidade, em \u00c1guas Claras, e reuniu personalidades do meio jur\u00eddico.<\/p>\n\n\n\n<p>Em seu discurso, Porcaro citou o escritor Liev Tolst\u00f3i, autor de \u201cGuerra e Paz&#8221;, ao falar da rela\u00e7\u00e3o entre o direito e as artes.<\/p>\n\n\n\n<p>&#8220;De um lado, a arte oportuniza a reflex\u00e3o e a dissemina\u00e7\u00e3o do pensamento cr\u00edtico interdisciplinar, e de outro, o direito assimila e constitui essas inova\u00e7\u00f5es no campo da aplica\u00e7\u00e3o no contexto social, renovando-o.&#8221;<\/p>\n\n\n\n<p>A advogada tamb\u00e9m falou do desafio do novo universo da arte e da cultura (conceito metaverso) na realidade virtual e aumentada, favorecendo em infinitas possibilidades de cria\u00e7\u00f5es, intera\u00e7\u00f5es e formas de neg\u00f3cios feitos por meio da internet e que ter\u00e3o impacto direto no mundo real, como o uso de avatares e ilustra\u00e7\u00f5es em 3D.<\/p>\n\n\n\n<p>&#8220;Atualmente a internet j\u00e1 tem um papel muito importante no cotidiano da sociedade, mas a chegada do metaverso promete revolucionar a forma como as pessoas se comunicam, se relacionam, aprendem, vivem experi\u00eancias e at\u00e9 mesmo consomem.\u202fEssa integra\u00e7\u00e3o dos dois mundos vai permitir coisas inimagin\u00e1veis que nem mesmo a tecnologia existente \u00e9 capaz de suportar&#8221;, disse.<\/p>\n\n\n\n<p>ABA x Porcaro<\/p>\n\n\n\n<p>A ABA \u00e9 uma associa\u00e7\u00e3o com sede em Bras\u00edlia que atua desde 2002 com objetivo de capacitar e promover a integra\u00e7\u00e3o dos advogados associados no Brasil e no exterior, visando a troca de experi\u00eancias, informa\u00e7\u00f5es e potencializa\u00e7\u00e3o de oportunidades de trabalho.<\/p>\n\n\n\n<p>Bem relacionada no meio jur\u00eddico e pol\u00edtico do DF, Juliana Porcaro P. de Saboia atua h\u00e1 25 anos na advocacia, onde chegou ocupar uma cadeira na diretoria da seccional do DF da Ordem dos Advogados do Brasil (OAB-DF). Atualmente \u00e9 membro do Conselho Nacional de Pol\u00edtica Criminal e Penitenci\u00e1ria (CNPCP) e ativista do direito de defesa (porte de armas de fogo) e investiga\u00e7\u00e3o defensiva dos advogados.<\/p>\n\n\n\n<p>Ficou conhecida nacionalmente por defender v\u00edtimas de casos de grande repercuss\u00e3o midi\u00e1tica e, mais recentemente, por pedir o afastamento de Felipe Santa Cruz da presid\u00eancia da Ordem dos Advogados do Brasil (OAB) por uso indevido do cargo para objetivos pol\u00edticos individuais.<\/p>\n","protected":false},"excerpt":{"rendered":"<p>Not\u00f3ria advogada do ramo penal do Distrito Federal, Juliana Porcaro P. de Saboia assumiu nesta quarta (23\/3), a presid\u00eancia da Comiss\u00e3o Nacional de Direito da Arte da Associa\u00e7\u00e3o Brasileira de Advogados (ABA). A solenidade de posse ocorreu na sede da entidade, em \u00c1guas Claras, e reuniu personalidades do meio jur\u00eddico. Em seu discurso, Porcaro citou [&hellip;]<\/p>\n","protected":false},"author":1,"featured_media":0,"comment_status":"open","ping_status":"open","sticky":false,"template":"","format":"standard","meta":{"footnotes":""},"categories":[],"tags":[],"class_list":["post-5514","post","type-post","status-publish","format-standard","hentry"],"_links":{"self":[{"href":"https:\/\/aguaslindasnoticias.com.br\/index.php\/wp-json\/wp\/v2\/posts\/5514","targetHints":{"allow":["GET"]}}],"collection":[{"href":"https:\/\/aguaslindasnoticias.com.br\/index.php\/wp-json\/wp\/v2\/posts"}],"about":[{"href":"https:\/\/aguaslindasnoticias.com.br\/index.php\/wp-json\/wp\/v2\/types\/post"}],"author":[{"embeddable":true,"href":"https:\/\/aguaslindasnoticias.com.br\/index.php\/wp-json\/wp\/v2\/users\/1"}],"replies":[{"embeddable":true,"href":"https:\/\/aguaslindasnoticias.com.br\/index.php\/wp-json\/wp\/v2\/comments?post=5514"}],"version-history":[{"count":0,"href":"https:\/\/aguaslindasnoticias.com.br\/index.php\/wp-json\/wp\/v2\/posts\/5514\/revisions"}],"wp:attachment":[{"href":"https:\/\/aguaslindasnoticias.com.br\/index.php\/wp-json\/wp\/v2\/media?parent=5514"}],"wp:term":[{"taxonomy":"category","embeddable":true,"href":"https:\/\/aguaslindasnoticias.com.br\/index.php\/wp-json\/wp\/v2\/categories?post=5514"},{"taxonomy":"post_tag","embeddable":true,"href":"https:\/\/aguaslindasnoticias.com.br\/index.php\/wp-json\/wp\/v2\/tags?post=5514"}],"curies":[{"name":"wp","href":"https:\/\/api.w.org\/{rel}","templated":true}]}}