{"id":5513,"date":"2023-01-04T10:13:31","date_gmt":"2023-01-04T13:13:31","guid":{"rendered":"https:\/\/aguaslindasnoticias.com.br\/index.php\/2023\/01\/04\/gama-festineco-edicao-especial-pelo-circuito-de-arte-e-cultura-do-gama\/"},"modified":"2023-01-04T10:13:31","modified_gmt":"2023-01-04T13:13:31","slug":"gama-festineco-edicao-especial-pelo-circuito-de-arte-e-cultura-do-gama","status":"publish","type":"post","link":"https:\/\/aguaslindasnoticias.com.br\/index.php\/2023\/01\/04\/gama-festineco-edicao-especial-pelo-circuito-de-arte-e-cultura-do-gama\/","title":{"rendered":"Gama Festineco &#8211; Edi\u00e7\u00e3o Especial pelo Circuito de Arte e Cultura do Gama"},"content":{"rendered":"\n<figure class=\"wp-block-image size-large\"><img decoding=\"async\" src=\"http:\/\/claricegulyas.com.br\/wp-content\/uploads\/2022\/03\/bonecos-1024x687.png\" alt=\"\" class=\"wp-image-9769\"\/><\/figure>\n\n\n\n<p><em>Cia Voar encerra o Festival com alunos da Escola Classe 2(S\u00e9rie Oeste) Gama&nbsp;<\/em><\/p>\n\n\n\n<p>Depois da edi\u00e7\u00e3o especial do Gama Festineco &#8211; Edi\u00e7\u00e3o Especial passar pela Escola Classe 17 (Setor Sul-17\/03), com o espet\u00e1culo &#8220;Circo Mulambo&#8221;, da Bagagem Cia de Bonecos e pela&nbsp; Escola Classe 12 (Setor Norte-18\/03) com &#8220;Contos, Hist\u00f3rias e Can\u00e7\u00f5es&#8221;da Cia. Cidade dos Bonecos, chegou a vez da Cia Voar Teatro de Bonecos fechar a programa\u00e7\u00e3o nesta sexta (25\/03), na Escola Classe 2 (Setor Oeste), com o espet\u00e1culo &#8220;Os meninos verdes&#8221;, \u00e0s 11h e \u00e0s 13h30. O Gama Festineco- Edi\u00e7\u00e3o Especial integra a programa\u00e7\u00e3o do Circuito de Arte e Cultura do Gama. O Circuito \u00e9 realizado por meio de um Termo de Fomento da Secretaria de Estado de Cultura e Economia Criativa, do GDF.<br>&#8220;Neste momento t\u00e3o confuso por toda a parte, poder levar amor, gra\u00e7a e o encanto do mundo dos bonecos aos alunos das escolas do Gama \u00e9 uma experi\u00eancia incr\u00edvel&#8221;, comemora Marco Augusto, coordenador do Gama Festineco &#8211; Edi\u00e7\u00e3o Especial.<\/p>\n\n\n\n<p>O coordenador-geral do Circuito, Domingos Rodrigo, explica que depois do Gama Festineco, &nbsp;a programa\u00e7\u00e3o que segue at\u00e9 o dia 10 de abril est\u00e1 muito rica. &#8220;Ainda teremos a VI Mostra Cultural Afro-Brasileira do Gama, do Madeb, a realiza\u00e7\u00e3o e exibi\u00e7\u00e3o do document\u00e1rio\u201cA Hist\u00f3ria por Tr\u00e1s do Disco\u201d e a a\u00e7\u00e3o cultural \u201cArte na Ponte\u201d, da Cia. Cidade dos Bonecos, com apresenta\u00e7\u00f5es teatrais no N\u00facleo Rural Ponte Alta Norte. Ou seja, a arte chegar\u00e1 na hora certa na vida de muita gente aqui do Gama&#8221;, afirma.<\/p>\n\n\n\n<p>Acessibilidade<br>Em todas as apresenta\u00e7\u00f5es ser\u00e3o distribu\u00eddos flyers\/folders perfurados em braile.<\/p>\n\n\n\n<figure class=\"wp-block-table\"><table><tbody><tr><td><\/td><td><\/td><td><\/td><td><\/td><td><\/td><\/tr><\/tbody><\/table><\/figure>\n\n\n\n<p><strong>Espet\u00e1culo<\/strong><\/p>\n\n\n\n<p>A Cia. Voar de Teatro de Bonecos apresenta Os Meninos Verdes &#8211; Conta a hist\u00f3ria e a obra de Cora Coralina, autora goiana que irradia a beleza e o lirismo do cerrado e transmite valores da vida interiorana. Pe\u00e7a infantil adaptada do livro hom\u00f4nimo, conta a hist\u00f3ria de duas plantinhas da onde come\u00e7am a brotar simp\u00e1ticas criaturinhas verdes. Conto l\u00fadico sobre a aceita\u00e7\u00e3o do desconhecido encenado por bonecos e atores. Os Meninos Verdes resulta num espet\u00e1culo de beleza pl\u00e1stica e conte\u00fado liter\u00e1rio, com cenas ricas em poesia visual, relacionadas com a experi\u00eancia da inf\u00e2ncia onde o l\u00fadico impera. A hist\u00f3ria original \u00e9 preservada em sua ess\u00eancia, rica em met\u00e1fora e simbolismo, narrando meninices, brincadeiras, espertezas, curiosidades e sonhos da Cora menina e das pequenas criaturas encontradas em seu jardim, provocando o exerc\u00edcio da imagina\u00e7\u00e3o e da fantasia.<\/p>\n\n\n\n<p><strong>Grupos envolvidos<\/strong><br>A Associa\u00e7\u00e3o Cultural SONART &nbsp;\u00e9 a respons\u00e1vel pela Coordena\u00e7\u00e3o Geral de Produ\u00e7\u00e3o e Gest\u00e3o Administrativa do projeto. J\u00e1 as apresenta\u00e7\u00f5es ficam por conta dos grupos:<\/p>\n\n\n\n<p>Bagagem Cia. de Bonecos &#8211; Fundada em 1983, tem a proposta de pesquisa do teatro de bonecos, montagem de espet\u00e1culos e gest\u00e3o cultural. A trupe montou seu repert\u00f3rio baseado em pesquisas nas diversas vertentes no teatro de bonecos. Assim, surgiram diversos espet\u00e1culos, s\u00e9ries para TV e v\u00eddeos, nas diversas vertentes da linguagem, como fantoches, marionetes, bonecos de balc\u00e3o, bonecos habit\u00e1veis, entre outros, al\u00e9m da participa\u00e7\u00e3o em muitos encontros e festivais de teatro regional e nacional e apresentou em 11 estados brasileiros.<\/p>\n\n\n\n<p>Cia. Cidade dos Bonecos &#8211; &nbsp;Fundada em 2001, desde ent\u00e3o vem produzindo espet\u00e1culos a partir de pesquisas nas linguagens do Teatro de Bonecos, Sombras e Conta\u00e7\u00e3o de Hist\u00f3rias, desenvolvendo a sua pr\u00f3pria dramaturgia e t\u00e9cnicas de manipula\u00e7\u00e3o e constru\u00e7\u00e3o de bonecos. Participou de festivais locais e regionais e realizou projetos de circula\u00e7\u00e3o de espet\u00e1culos por diversas cidades e regi\u00f5es do Brasil. Tem em seu elenco profissionais com forma\u00e7\u00e3o acad\u00eamica, assim como estudantes de Artes C\u00eanicas com intuito de contribuir na forma\u00e7\u00e3o art\u00edstica dos mesmos. Sempre realiza oficinas para alunos e professores de escolas p\u00fablicas com o objetivo de difundir a linguagem do Teatro de Formas Animadas.<\/p>\n\n\n\n<p>Cia Voar Teatro de Bonecos &#8211; Fundada em 2003 pelo bonequeiro Marco Augusto, que encabe\u00e7a at\u00e9 hoje o elenco. Em 2012, com nove anos de trabalho, eles conseguiram conquistar a honra de ter se apresentado em todos os estados brasileiros, muitas dessas apresenta\u00e7\u00f5es com este texto, \u201cOs Meninos Verdes\u201d, que foi do Amazonas ao Rio Grande do Sul. Tamb\u00e9m colecionam apresenta\u00e7\u00f5es em pa\u00edses como Espanha, Chile e M\u00e9xico. Nos palcos, s\u00e3o conhecidos por adaptar textos cl\u00e1ssicos para apresenta\u00e7\u00f5es de bonecos, como \u201cO menino maluquinho\u201d e \u201cJo\u00e3o e o P\u00e9 de Feij\u00e3o\u201d. Al\u00e9m de atuar com teatro de bonecos, o grupo tamb\u00e9m se especializou na gest\u00e3o da economia criativa, para criar a\u00e7\u00f5es que difundam a diversidade cultural nas periferias e nos grandes centros do Brasil. A trajet\u00f3ria do grupo foi contada no livro O v\u00f4o da imagina\u00e7\u00e3o, de Marcos Linhares.<\/p>\n\n\n\n<p><strong>Servi\u00e7o:<\/strong><br>O que: _<strong>Os meninos verdes&#8221;, da Cia Voar Teatro de Bonecos-A<\/strong>presenta\u00e7\u00e3o final do&nbsp;<strong>Gama Festineco &#8211; &nbsp;Edi\u00e7\u00e3o Especial pelo Circuito de Arte e Cultura do Gama<\/strong>Onde e quando:<strong>Escola Classe 2 (Setor Oeste), sexta (25\/03), 11h e 13h30<\/strong>O Circuito \u00e9 realizado por meio de um Termo de Fomento da Secretaria de Estado de Cultura e Economia Criativa, do GDF.<br>Informa\u00e7\u00f5es: (61) 98492-0361<\/p>\n","protected":false},"excerpt":{"rendered":"<p>Cia Voar encerra o Festival com alunos da Escola Classe 2(S\u00e9rie Oeste) Gama&nbsp; Depois da edi\u00e7\u00e3o especial do Gama Festineco &#8211; Edi\u00e7\u00e3o Especial passar pela Escola Classe 17 (Setor Sul-17\/03), com o espet\u00e1culo &#8220;Circo Mulambo&#8221;, da Bagagem Cia de Bonecos e pela&nbsp; Escola Classe 12 (Setor Norte-18\/03) com &#8220;Contos, Hist\u00f3rias e Can\u00e7\u00f5es&#8221;da Cia. Cidade dos [&hellip;]<\/p>\n","protected":false},"author":1,"featured_media":0,"comment_status":"open","ping_status":"open","sticky":false,"template":"","format":"standard","meta":{"footnotes":""},"categories":[],"tags":[],"class_list":["post-5513","post","type-post","status-publish","format-standard","hentry"],"_links":{"self":[{"href":"https:\/\/aguaslindasnoticias.com.br\/index.php\/wp-json\/wp\/v2\/posts\/5513","targetHints":{"allow":["GET"]}}],"collection":[{"href":"https:\/\/aguaslindasnoticias.com.br\/index.php\/wp-json\/wp\/v2\/posts"}],"about":[{"href":"https:\/\/aguaslindasnoticias.com.br\/index.php\/wp-json\/wp\/v2\/types\/post"}],"author":[{"embeddable":true,"href":"https:\/\/aguaslindasnoticias.com.br\/index.php\/wp-json\/wp\/v2\/users\/1"}],"replies":[{"embeddable":true,"href":"https:\/\/aguaslindasnoticias.com.br\/index.php\/wp-json\/wp\/v2\/comments?post=5513"}],"version-history":[{"count":0,"href":"https:\/\/aguaslindasnoticias.com.br\/index.php\/wp-json\/wp\/v2\/posts\/5513\/revisions"}],"wp:attachment":[{"href":"https:\/\/aguaslindasnoticias.com.br\/index.php\/wp-json\/wp\/v2\/media?parent=5513"}],"wp:term":[{"taxonomy":"category","embeddable":true,"href":"https:\/\/aguaslindasnoticias.com.br\/index.php\/wp-json\/wp\/v2\/categories?post=5513"},{"taxonomy":"post_tag","embeddable":true,"href":"https:\/\/aguaslindasnoticias.com.br\/index.php\/wp-json\/wp\/v2\/tags?post=5513"}],"curies":[{"name":"wp","href":"https:\/\/api.w.org\/{rel}","templated":true}]}}