{"id":5512,"date":"2023-01-04T10:13:31","date_gmt":"2023-01-04T13:13:31","guid":{"rendered":"https:\/\/aguaslindasnoticias.com.br\/index.php\/2023\/01\/04\/feiras-vao-discutir-violencia-contra-mulher\/"},"modified":"2023-01-04T10:13:31","modified_gmt":"2023-01-04T13:13:31","slug":"feiras-vao-discutir-violencia-contra-mulher","status":"publish","type":"post","link":"https:\/\/aguaslindasnoticias.com.br\/index.php\/2023\/01\/04\/feiras-vao-discutir-violencia-contra-mulher\/","title":{"rendered":"Feiras v\u00e3o discutir viol\u00eancia contra mulher"},"content":{"rendered":"\n<figure class=\"wp-block-image size-large\"><img decoding=\"async\" src=\"http:\/\/claricegulyas.com.br\/wp-content\/uploads\/2022\/03\/mulheres.png\" alt=\"\" class=\"wp-image-9765\"\/><\/figure>\n\n\n\n<p>Os dois casos mais chocantes de feminic\u00eddio ocorridos em Sobradinho, em junho do ano passado, ainda est\u00e3o dolorosamente vivos na mem\u00f3ria da popula\u00e7\u00e3o serrana. No dia 17, uma psic\u00f3loga e professora, de 41 anos, foi estrangulada pelo marido e pai de seus filhos, ap\u00f3s uma crise de ci\u00fames.<\/p>\n\n\n\n<p>Outro caso ocorreu, tr\u00eas dias depois, na noite do domingo 20, quando uma cirurgi\u00e3-dentista, de 27 anos, foi morta a tiros, pelo ex-companheiro, na frente da filhinha deles, de apenas dois anos. Os criminosos eram reincidentes nas agress\u00f5es e est\u00e3o presos.<br><br>Sobradinho II vive a mesma realidade e registra casos pavorosos, como o da cabelereira morta a facadas, pelo companheiro, tamb\u00e9m na frente da filhinha de 2 anos, no dia 8 do mesmo m\u00eas de 2021. Na ter\u00e7a-feira de carnaval, o corpo de outra mulher foi encontrado com sinais de viol\u00eancia, entre a Torre Digital e o Itapo\u00e3.<\/p>\n\n\n\n<p>Mas este m\u00eas de mar\u00e7o de 2022 est\u00e1 se revelando particularmente violento para as mulheres da regi\u00e3o de Sobradinho. Nesta segunda-feira (21), um homem de 41 anos esfaqueou a companheira, nas imedia\u00e7\u00f5es da ch\u00e1cara S\u00e3o Jorge.<\/p>\n\n\n\n<p>No domingo (20), no bairro Arapoanga de Planaltina, um homem de 44 anos foi preso, ap\u00f3s confessar ter estrangulado a esposa. J\u00e1 no s\u00e1bado (19), um jovem de 20 anos foi preso, por agentes da 13\u00aa DP, suspeito de aliciar e estuprar uma adolescente de 13, na \u00e1rea da Nova Colina.<\/p>\n\n\n\n<p>Casos assim t\u00eam se multiplicado, em Sobradinho, na Sa\u00edda Norte e em todo o DF, o que sensibilizou a Associa\u00e7\u00e3o Artise de Arte, Cultura e Acessibilidade e a Associa\u00e7\u00e3o de Mulheres de Sobradinho 2 a encararem o problema de frente.<\/p>\n\n\n\n<figure class=\"wp-block-image size-large\"><img decoding=\"async\" src=\"http:\/\/claricegulyas.com.br\/wp-content\/uploads\/2022\/03\/WhatsApp-Image-2022-03-22-at-16.39.01-728x1024.jpeg\" alt=\"\" class=\"wp-image-9766\"\/><\/figure>\n\n\n\n<p>As duas entidades promovem as Feiras de Arte e Direitos Humanos, que come\u00e7aram em Sobradinho II, em 8 de Mar\u00e7o, Dia Internacional da Mulher, e prosseguem com mais seis eventos nos pr\u00f3ximos meses, na Pra\u00e7a Teodoro Freire, em Sobradinho, no domingo, 27 de mar\u00e7o, a partir das 13h.<\/p>\n\n\n\n<p>Segundo o presidente da Artise, maestro Alex Paz, as Feiras se constituir\u00e3o de encontros l\u00fadicos e reflexivos sobre direitos humanos, voltados ao combate ao machismo e \u00e0 viol\u00eancia contra a mulher.<\/p>\n\n\n\n<p>\u201c\u00c9 absolutamente necess\u00e1rio que as entidades sociais e a popula\u00e7\u00e3o do DF encontrem formas de evitar que esta barb\u00e1rie continue acontecendo, bem na porta da nossa casa, ceifando vidas produtivas e tirando o direito das mulheres \u00e0 felicidade\u201d, observa o maestro.<\/p>\n\n\n\n<p>A programa\u00e7\u00e3o das feiras consta de atendimento \u00e0s mulheres v\u00edtimas de viol\u00eancia dom\u00e9stica e sob risco de feminic\u00eddio, por terapeutas, advogados e especialistas na Lei Maria da Penha; al\u00e9m de oficinas de Capoeira, Artesanato, DJs e Dan\u00e7a; Palestras e Pe\u00e7as teatrais, durante o dia. \u00c0 noite, haver\u00e1 confraterniza\u00e7\u00e3o e shows, com as cantoras Dani Machado e Vanessa Porto, na pra\u00e7a de alimenta\u00e7\u00e3o.<\/p>\n","protected":false},"excerpt":{"rendered":"<p>Os dois casos mais chocantes de feminic\u00eddio ocorridos em Sobradinho, em junho do ano passado, ainda est\u00e3o dolorosamente vivos na mem\u00f3ria da popula\u00e7\u00e3o serrana. No dia 17, uma psic\u00f3loga e professora, de 41 anos, foi estrangulada pelo marido e pai de seus filhos, ap\u00f3s uma crise de ci\u00fames. Outro caso ocorreu, tr\u00eas dias depois, na [&hellip;]<\/p>\n","protected":false},"author":1,"featured_media":0,"comment_status":"open","ping_status":"open","sticky":false,"template":"","format":"standard","meta":{"footnotes":""},"categories":[],"tags":[],"class_list":["post-5512","post","type-post","status-publish","format-standard","hentry"],"_links":{"self":[{"href":"https:\/\/aguaslindasnoticias.com.br\/index.php\/wp-json\/wp\/v2\/posts\/5512","targetHints":{"allow":["GET"]}}],"collection":[{"href":"https:\/\/aguaslindasnoticias.com.br\/index.php\/wp-json\/wp\/v2\/posts"}],"about":[{"href":"https:\/\/aguaslindasnoticias.com.br\/index.php\/wp-json\/wp\/v2\/types\/post"}],"author":[{"embeddable":true,"href":"https:\/\/aguaslindasnoticias.com.br\/index.php\/wp-json\/wp\/v2\/users\/1"}],"replies":[{"embeddable":true,"href":"https:\/\/aguaslindasnoticias.com.br\/index.php\/wp-json\/wp\/v2\/comments?post=5512"}],"version-history":[{"count":0,"href":"https:\/\/aguaslindasnoticias.com.br\/index.php\/wp-json\/wp\/v2\/posts\/5512\/revisions"}],"wp:attachment":[{"href":"https:\/\/aguaslindasnoticias.com.br\/index.php\/wp-json\/wp\/v2\/media?parent=5512"}],"wp:term":[{"taxonomy":"category","embeddable":true,"href":"https:\/\/aguaslindasnoticias.com.br\/index.php\/wp-json\/wp\/v2\/categories?post=5512"},{"taxonomy":"post_tag","embeddable":true,"href":"https:\/\/aguaslindasnoticias.com.br\/index.php\/wp-json\/wp\/v2\/tags?post=5512"}],"curies":[{"name":"wp","href":"https:\/\/api.w.org\/{rel}","templated":true}]}}