{"id":5511,"date":"2023-01-04T10:13:31","date_gmt":"2023-01-04T13:13:31","guid":{"rendered":"https:\/\/aguaslindasnoticias.com.br\/index.php\/2023\/01\/04\/como-o-aumento-dos-combustiveis-devera-encarecer-alimentos-e-transporte\/"},"modified":"2023-01-04T10:13:31","modified_gmt":"2023-01-04T13:13:31","slug":"como-o-aumento-dos-combustiveis-devera-encarecer-alimentos-e-transporte","status":"publish","type":"post","link":"https:\/\/aguaslindasnoticias.com.br\/index.php\/2023\/01\/04\/como-o-aumento-dos-combustiveis-devera-encarecer-alimentos-e-transporte\/","title":{"rendered":"Como o aumento dos combust\u00edveis dever\u00e1 encarecer alimentos e transporte?"},"content":{"rendered":"\n<figure class=\"wp-block-image\"><img decoding=\"async\" src=\"https:\/\/cdn.pixabay.com\/photo\/2017\/06\/06\/22\/46\/mediterranean-cuisine-2378758_960_720.jpg\" alt=\"Mediterranean Cuisine, Eat, Food, Italian Cuisine\"\/><\/figure>\n\n\n\n<p>O aumento dos combust\u00edveis no in\u00edcio deste m\u00eas n\u00e3o deve afetar somente os propriet\u00e1rios de ve\u00edculos particulares e motoristas de aplicativo, como alegou um entrevistado pela TV Band que viralizou recentemente na internet. O impacto dever\u00e1 refletir diretamente em outros produtos e servi\u00e7os que fazem parte do cotidiano de todos brasileiros, desde o p\u00e3ozinho franc\u00eas \u00e0s passagens de \u00f4nibus. &#8220;\u00c9 muito dif\u00edcil a situa\u00e7\u00e3o econ\u00f4mica do pa\u00eds e n\u00e3o h\u00e1 como a popula\u00e7\u00e3o fugir dessa ciranda de pre\u00e7os altos, infla\u00e7\u00e3o disparando, alta do combust\u00edvel, desemprego e baixa renda&#8221;, avalia o economista Flauzino Antunes.<\/p>\n\n\n\n<p>O especialista em Economia explica que os reajustes cobrados nas refinarias (diesel 24,9%, gasolina 18,8% e G\u00e1s Liquefeito de Petr\u00f3leo 16%) influenciam na varia\u00e7\u00e3o da infla\u00e7\u00e3o, impactando, principalmente, no frete dos alimentos. De acordo com o Boletim Focus desta segunda (21\/3), a previs\u00e3o da infla\u00e7\u00e3o de 2022 subiu pela 10\u00aa semana seguida, avan\u00e7ando para 6,59%.<\/p>\n\n\n\n<p>&#8220;Todos os produtos, desde a constru\u00e7\u00e3o civil at\u00e9 a agricultura (tomate, alface, feij\u00e3o) v\u00e3o precisar, de uma maneira ou de outra, utilizar meios de transporte durante seu processo de produ\u00e7\u00e3o. Se o petr\u00f3leo aumenta, esse custo vai ser repassado ao consumidor final. \u00c9 um efeito domin\u00f3 que quando se aumenta o custo l\u00e1 na base, h\u00e1 uma grande infla\u00e7\u00e3o de custos&#8221;, explica.<\/p>\n\n\n\n<figure class=\"wp-block-image size-large\"><img decoding=\"async\" src=\"http:\/\/claricegulyas.com.br\/wp-content\/uploads\/2022\/03\/Flauzino-Antunes-1.png\" alt=\"\" class=\"wp-image-9761\"\/><\/figure>\n\n\n\n<p>&#8220;Elencar um produto que mais vai sentir esse pre\u00e7o \u00e9 dif\u00edcil porque o aumento ser\u00e1 de forma generalizada na economia, desde uma folha de papel \u00e0s passagens de \u00f4nibus. Isso sem contar o impacto do conflito entre R\u00fassia e Ucr\u00e2nia, e ainda uma pequena influ\u00eancia da pandemia da Covid-19. O impacto agora vai come\u00e7ar a ser maior porque o conflito ainda n\u00e3o terminou e ainda teremos as consequ\u00eancias disso: v\u00e3o ficar mais caros o ovo, a carne, a cesta b\u00e1sica. Todos os pre\u00e7os desses itens v\u00e3o subir nos pr\u00f3ximos meses, principalmente, na virada de abril&#8221;, analisa o economista.<\/p>\n\n\n\n<p>Flauzino Antunes destaca que diante dos constantes aumentos, o sal\u00e1rio m\u00ednimo n\u00e3o corrigiu com a infla\u00e7\u00e3o do per\u00edodo e o pa\u00eds n\u00e3o est\u00e1 gerando emprego. &#8220;\u00c9 um custo de vida muito elevado para pouca renda. \u00c9 muito dif\u00edcil a situa\u00e7\u00e3o econ\u00f4mica do pa\u00eds e n\u00e3o h\u00e1 como fugir dessa ciranda de pre\u00e7os altos, com infla\u00e7\u00e3o disparando, alta do combust\u00edvel, desemprego e baixa renda&#8221;, afirma.<\/p>\n\n\n\n<p>Para tentar driblar o aumento dos gastos, algumas dicas s\u00e3o: pesquisar antes de comprar, cortar \u00edtens desnecess\u00e1rios, evitar parcelamentos e empr\u00e9stimos.<\/p>\n","protected":false},"excerpt":{"rendered":"<p>O aumento dos combust\u00edveis no in\u00edcio deste m\u00eas n\u00e3o deve afetar somente os propriet\u00e1rios de ve\u00edculos particulares e motoristas de aplicativo, como alegou um entrevistado pela TV Band que viralizou recentemente na internet. O impacto dever\u00e1 refletir diretamente em outros produtos e servi\u00e7os que fazem parte do cotidiano de todos brasileiros, desde o p\u00e3ozinho franc\u00eas [&hellip;]<\/p>\n","protected":false},"author":1,"featured_media":0,"comment_status":"open","ping_status":"open","sticky":false,"template":"","format":"standard","meta":{"footnotes":""},"categories":[],"tags":[],"class_list":["post-5511","post","type-post","status-publish","format-standard","hentry"],"_links":{"self":[{"href":"https:\/\/aguaslindasnoticias.com.br\/index.php\/wp-json\/wp\/v2\/posts\/5511","targetHints":{"allow":["GET"]}}],"collection":[{"href":"https:\/\/aguaslindasnoticias.com.br\/index.php\/wp-json\/wp\/v2\/posts"}],"about":[{"href":"https:\/\/aguaslindasnoticias.com.br\/index.php\/wp-json\/wp\/v2\/types\/post"}],"author":[{"embeddable":true,"href":"https:\/\/aguaslindasnoticias.com.br\/index.php\/wp-json\/wp\/v2\/users\/1"}],"replies":[{"embeddable":true,"href":"https:\/\/aguaslindasnoticias.com.br\/index.php\/wp-json\/wp\/v2\/comments?post=5511"}],"version-history":[{"count":0,"href":"https:\/\/aguaslindasnoticias.com.br\/index.php\/wp-json\/wp\/v2\/posts\/5511\/revisions"}],"wp:attachment":[{"href":"https:\/\/aguaslindasnoticias.com.br\/index.php\/wp-json\/wp\/v2\/media?parent=5511"}],"wp:term":[{"taxonomy":"category","embeddable":true,"href":"https:\/\/aguaslindasnoticias.com.br\/index.php\/wp-json\/wp\/v2\/categories?post=5511"},{"taxonomy":"post_tag","embeddable":true,"href":"https:\/\/aguaslindasnoticias.com.br\/index.php\/wp-json\/wp\/v2\/tags?post=5511"}],"curies":[{"name":"wp","href":"https:\/\/api.w.org\/{rel}","templated":true}]}}