{"id":5509,"date":"2023-01-04T10:13:31","date_gmt":"2023-01-04T13:13:31","guid":{"rendered":"https:\/\/aguaslindasnoticias.com.br\/index.php\/2023\/01\/04\/paradas-de-onibus-do-programa-adote-um-abrigo-sao-reformadas\/"},"modified":"2023-01-04T10:13:31","modified_gmt":"2023-01-04T13:13:31","slug":"paradas-de-onibus-do-programa-adote-um-abrigo-sao-reformadas","status":"publish","type":"post","link":"https:\/\/aguaslindasnoticias.com.br\/index.php\/2023\/01\/04\/paradas-de-onibus-do-programa-adote-um-abrigo-sao-reformadas\/","title":{"rendered":"Paradas de \u00f4nibus do programa Adote um Abrigo s\u00e3o reformadas"},"content":{"rendered":"\n<p>Come\u00e7am a ser liberadas para os usu\u00e1rios do transporte p\u00fablico coletivo, revitalizadas e com acessibilidade, 11 paradas de \u00f4nibus que foram adotadas por uma empresa por meio do programa Adote um Abrigo, criado pela Secretaria de Transporte e Mobilidade (Semob). As estruturas ficam em \u00c1guas Claras, Taguatinga e Brazl\u00e2ndia. As reformas das paradas est\u00e3o sendo conclu\u00eddas nesta semana.<\/p>\n\n\n\n<figure class=\"wp-block-image\"><img decoding=\"async\" src=\"http:\/\/agenciabrasilia.df.gov.br\/wp-conteudo\/uploads\/2022\/03\/Adote-um-Abrio-em-Taguatinga-_-Foto-Divulgacao-Semob-1.jpg\" alt=\"\" class=\"wp-image-387793\"\/><figcaption>Ap\u00f3s ganharem impermeabiliza\u00e7\u00e3o dos tetos, reforma das cal\u00e7adas e piso t\u00e1til, as paradas adotadas est\u00e3o adequadas \u00e0s normas de acessibilidade e com pintura nova | Foto: Divulga\u00e7\u00e3o\/Semob-DF<\/figcaption><\/figure>\n\n\n\n<p>Os abrigos passaram por obras de impermeabiliza\u00e7\u00e3o dos tetos e reforma das cal\u00e7adas. As estruturas receberam piso t\u00e1til e em uma delas foi constru\u00edda a rampa de acesso. Agora, as paradas adotadas est\u00e3o adequadas \u00e0s normas de acessibilidade e com pintura nova.<\/p>\n\n\n\n<p>A empresa Athaydes Im\u00f3veis Ltda, que adotou os abrigos, ficar\u00e1 respons\u00e1vel pela manuten\u00e7\u00e3o das estruturas durante 24 meses. A empresa tem o direito de colocar placa indicativa de coopera\u00e7\u00e3o e colocar sua logomarca na pintura.<\/p>\n\n\n\n<blockquote class=\"wp-block-quote is-layout-flow wp-block-quote-is-layout-flow\"><p>\u201cA reforma dos abrigos traz conforto e seguran\u00e7a para os usu\u00e1rios do transporte coletivo, favorecendo ainda a circula\u00e7\u00e3o das pessoas no momento de embarque ou desembarque dos \u00f4nibus\u201d &#8212; Valter Casimiro, secret\u00e1rio de Transporte e Mobilidade<\/p><\/blockquote>\n\n\n\n<p>A diretora da empresa, Ira\u00eddes Pereira Santos, disse que o Adote um Abrigo cria uma rela\u00e7\u00e3o em que todos ganham. \u201c\u00c9 uma \u00f3tima oportunidade de promovermos o nome da nossa empresa e proporcionarmos bem-estar para a comunidade, pois os usu\u00e1rios do transporte p\u00fablico passam a dispor de locais acolhedores nos pontos de \u00f4nibus e o custo-benef\u00edcio da coopera\u00e7\u00e3o \u00e9 vantajoso para a empresa parceira\u201d, disse.<\/p>\n\n\n\n<p>Para o secret\u00e1rio da Semob, Valter Casimiro, o programa \u00e9 importante para manter as estruturas em bom estado e contribuir para a mobilidade urbana. \u201cA reforma dos abrigos, com adequa\u00e7\u00e3o \u00e0s normas de acessibilidade e reforma das cal\u00e7adas, traz conforto e seguran\u00e7a para os usu\u00e1rios do transporte coletivo, favorecendo ainda a circula\u00e7\u00e3o das pessoas no momento de embarque ou desembarque dos \u00f4nibus\u201d, afirmou.<\/p>\n\n\n\n<p>De acordo com termo de coopera\u00e7\u00e3o assinado com a Semob, a empresa ficou respons\u00e1vel por benfeitorias e manuten\u00e7\u00e3o em cinco abrigos anexos, localizados na QS 7 de Taguatinga, em frente \u00e0 Universidade Cat\u00f3lica de Bras\u00edlia; outros cinco abrigos anexos que ficam na marginal da EPTG, em \u00c1guas Claras, ao lado da Unieuro Centro Universit\u00e1rio, e uma parada na Quadra 12 do Setor Norte, em Brazl\u00e2ndia.<\/p>\n\n\n\n<p><strong>Col\u00f4nia Agr\u00edcola 26 de Setembro ganha abrigos de \u00f4nibus<\/strong><\/p>\n\n\n\n<p>A coopera\u00e7\u00e3o da empresa Athaydes pode ser prorrogada por 24 meses, mediante celebra\u00e7\u00e3o de termo aditivo com a Semob. O acompanhamento da execu\u00e7\u00e3o e a fiscaliza\u00e7\u00e3o do cumprimento das normas cabe \u00e0 Subsecretaria de Terminais (Suter), da Semob. Cabe, ainda, \u00e0 Secretaria de Projetos Especiais (Sepe) esclarecer as d\u00favidas acerca da aplica\u00e7\u00e3o da legisla\u00e7\u00e3o, podendo apontar e registrar inconformidades em caso de descumprimento legal.<\/p>\n\n\n\n<p><strong>O programa<\/strong><\/p>\n\n\n\n<p>O Adote um Abrigo, lan\u00e7ado em setembro de 2021, abrange as paradas de \u00f4nibus do transporte p\u00fablico coletivo, utilizadas para embarque e desembarque dos passageiros. S\u00e3o cerca de 2.700 paradas de coletivos com abrigos de concreto e 565 pontos com placas de sinaliza\u00e7\u00e3o dispon\u00edveis para ado\u00e7\u00e3o.<\/p>\n\n\n\n<p>O programa de coopera\u00e7\u00e3o \u00e9 destinado aos cidad\u00e3os, entidades ou empresas interessadas em construir, adequar, substituir ou assumir a manuten\u00e7\u00e3o de paradas de \u00f4nibus. Para aderir, a empresa ou cidad\u00e3o deve manifestar interesse por meio de requerimento protocolado na Semob. Todas as informa\u00e7\u00f5es est\u00e3o dispon\u00edveis no&nbsp;<a href=\"https:\/\/semob.df.gov.br\/adote-um-abrigo\/\" target=\"_blank\" rel=\"noreferrer noopener\">site da secretaria<\/a>.<\/p>\n\n\n\n<p><em>*Com informa\u00e7\u00f5es da Secretaria de Transporte e Mobilidade do DF<\/em><\/p>\n\n\n\n<p><strong>Ag\u00eancia Bras\u00edlia* | Edi\u00e7\u00e3o: Rosualdo Rodrigues<\/strong><\/p>\n","protected":false},"excerpt":{"rendered":"<p>Come\u00e7am a ser liberadas para os usu\u00e1rios do transporte p\u00fablico coletivo, revitalizadas e com acessibilidade, 11 paradas de \u00f4nibus que foram adotadas por uma empresa por meio do programa Adote um Abrigo, criado pela Secretaria de Transporte e Mobilidade (Semob). As estruturas ficam em \u00c1guas Claras, Taguatinga e Brazl\u00e2ndia. As reformas das paradas est\u00e3o sendo [&hellip;]<\/p>\n","protected":false},"author":1,"featured_media":0,"comment_status":"open","ping_status":"open","sticky":false,"template":"","format":"standard","meta":{"footnotes":""},"categories":[],"tags":[],"class_list":["post-5509","post","type-post","status-publish","format-standard","hentry"],"_links":{"self":[{"href":"https:\/\/aguaslindasnoticias.com.br\/index.php\/wp-json\/wp\/v2\/posts\/5509","targetHints":{"allow":["GET"]}}],"collection":[{"href":"https:\/\/aguaslindasnoticias.com.br\/index.php\/wp-json\/wp\/v2\/posts"}],"about":[{"href":"https:\/\/aguaslindasnoticias.com.br\/index.php\/wp-json\/wp\/v2\/types\/post"}],"author":[{"embeddable":true,"href":"https:\/\/aguaslindasnoticias.com.br\/index.php\/wp-json\/wp\/v2\/users\/1"}],"replies":[{"embeddable":true,"href":"https:\/\/aguaslindasnoticias.com.br\/index.php\/wp-json\/wp\/v2\/comments?post=5509"}],"version-history":[{"count":0,"href":"https:\/\/aguaslindasnoticias.com.br\/index.php\/wp-json\/wp\/v2\/posts\/5509\/revisions"}],"wp:attachment":[{"href":"https:\/\/aguaslindasnoticias.com.br\/index.php\/wp-json\/wp\/v2\/media?parent=5509"}],"wp:term":[{"taxonomy":"category","embeddable":true,"href":"https:\/\/aguaslindasnoticias.com.br\/index.php\/wp-json\/wp\/v2\/categories?post=5509"},{"taxonomy":"post_tag","embeddable":true,"href":"https:\/\/aguaslindasnoticias.com.br\/index.php\/wp-json\/wp\/v2\/tags?post=5509"}],"curies":[{"name":"wp","href":"https:\/\/api.w.org\/{rel}","templated":true}]}}