{"id":5508,"date":"2023-01-04T10:13:31","date_gmt":"2023-01-04T13:13:31","guid":{"rendered":"https:\/\/aguaslindasnoticias.com.br\/index.php\/2023\/01\/04\/hemocentro-precisa-de-doacoes-voce-pode-colaborar\/"},"modified":"2023-01-04T10:13:31","modified_gmt":"2023-01-04T13:13:31","slug":"hemocentro-precisa-de-doacoes-voce-pode-colaborar","status":"publish","type":"post","link":"https:\/\/aguaslindasnoticias.com.br\/index.php\/2023\/01\/04\/hemocentro-precisa-de-doacoes-voce-pode-colaborar\/","title":{"rendered":"Hemocentro precisa de doa\u00e7\u00f5es. Voc\u00ea pode colaborar"},"content":{"rendered":"\n<p>Doa\u00e7\u00f5es s\u00e3o bem-vindas \u00e0 Funda\u00e7\u00e3o Hemocentro de Bras\u00edlia (FHB), e voc\u00ea pode colaborar. Os estoques est\u00e3o 40% menores em rela\u00e7\u00e3o a mar\u00e7o de 2020, quando a Organiza\u00e7\u00e3o Mundial de Sa\u00fade (OMS) declarou a pandemia do novo coronav\u00edrus e houve a decreta\u00e7\u00e3o de medidas restritivas, como o fechamento do com\u00e9rcio, no Distrito Federal. As reservas de todos os grupos sangu\u00edneos \u2013 exceto AB positivo \u2013 se encontram em n\u00edveis abaixo do ideal, especialmente os tipos O negativo e B negativo.<\/p>\n\n\n\n<figure class=\"wp-block-image\"><img decoding=\"async\" src=\"http:\/\/agenciabrasilia.df.gov.br\/wp-conteudo\/uploads\/2022\/03\/22.3.-Doacao-de-sangue.-Foto-Renato-Araujo-Agencia-Brasilia3.jpeg\" alt=\"\" class=\"wp-image-388071\"\/><figcaption>Podem doar sangue pessoas de 16 a 69 anos que pesem mais de 51 kg e estejam saud\u00e1veis | Foto: Renato Ara\u00fajo\/Ag\u00eancia Bras\u00edlia<\/figcaption><\/figure>\n\n\n\n<p>Desde o in\u00edcio de 2022, os estoques do \u00fanico banco de sangue p\u00fablico do DF est\u00e3o em n\u00edveis inferiores aos considerados seguros. A m\u00e9dia de 160 doa\u00e7\u00f5es por dia registrada neste ano, entre 1\u00ba de janeiro e o dia 19 de deste m\u00eas, n\u00e3o tem sido suficiente. Com isso, o fornecimento de hemocomponentes para procedimentos de rotina pode ser restringido para priorizar atendimentos de urg\u00eancia.<\/p>\n\n\n\n<p>O estoque estrat\u00e9gico do Hemocentro tem condi\u00e7\u00f5es de abastecer, de dois a sete dias, toda a rede p\u00fablica do DF e hospitais conveniados, dependendo do hemocomponente \u2013 hem\u00e1cias, plasma ou plaquetas \u2013, se n\u00e3o houver qualquer doa\u00e7\u00e3o de sangue no per\u00edodo. A plaqueta \u00e9 o hemocomponente com validade mais curta, de apenas cinco dias.<\/p>\n\n\n\n<p><strong>Como colaborar<\/strong><\/p>\n\n\n\n<blockquote class=\"wp-block-quote is-layout-flow wp-block-quote-is-layout-flow\"><p>Pessoas que tiveram covid-19 devem aguardar dez dias ap\u00f3s o fim dos sintomas, caso n\u00e3o haja sequelas, para doar sangue<\/p><\/blockquote>\n\n\n\n<p>A doa\u00e7\u00e3o de sangue \u00e9 um processo que leva at\u00e9 90 minutos, desde o cadastro at\u00e9 o lanche p\u00f3s-coleta. O atendimento agendado continua obrigat\u00f3rio, para n\u00e3o haver aglomera\u00e7\u00f5es, e deve ser feito&nbsp;<a href=\"https:\/\/agenda.df.gov.br\/organizacao.html;jsessionid=JVBqS43whvMZ58NLCAbC7ypnvicBMNzrbCqLyFBf.000suticsv112?organizacao=37959462\">neste link<\/a>. O Hemocentro de Bras\u00edlia est\u00e1 localizado no Setor M\u00e9dico Hospitalar Norte (in\u00edcio da W3 Norte), pr\u00f3ximo ao Hran e \u00e0 Fepecs, e funciona de segunda a s\u00e1bado, das 7h15 \u00e0s 18h.<\/p>\n\n\n\n<p>Para doar sangue, \u00e9 preciso ter entre 16 e 69 anos, pesar mais de 51 kg e estar saud\u00e1vel. Para quem passou por cirurgia, exame endosc\u00f3pico ou adoeceu recentemente, a recomenda\u00e7\u00e3o \u00e9 consultar o site do Hemocentro para saber se est\u00e1 apto a doar sangue.<\/p>\n\n\n\n<p>Quem teve gripe deve aguardar 15 dias ap\u00f3s o desaparecimento dos sintomas para poder fazer doa\u00e7\u00f5es. Quem teve covid-19 precisa aguardar dez dias ap\u00f3s o fim dos sintomas, desde que n\u00e3o haja sequelas. Se assintom\u00e1tico, o prazo \u00e9 contado da data de coleta do exame. J\u00e1 quem teve contato com pessoa diagnosticada ou com suspeita de covid-19 nos \u00faltimos dez dias fica impedido de doar sangue por sete dias ap\u00f3s o \u00faltimo contato com a pessoa.<\/p>\n\n\n\n<p>Com rela\u00e7\u00e3o \u00e0s vacinas, o tempo de impedimento \u00e9 mais curto: os imunizantes contra gripe e a Coronavac impedem a doa\u00e7\u00e3o de sangue por dois dias ap\u00f3s a dose. J\u00e1 as vacinas Pfizer, Astrazeneca e Janssen requerem um intervalo de sete dias ap\u00f3s cada dose.<\/p>\n\n\n\n<p><strong>Transporte gratuito<\/strong><\/p>\n\n\n\n<p>Para facilitar o deslocamento, o Hemocentro de Bras\u00edlia oferece op\u00e7\u00f5es de transporte gratuito para doadores. Veja abaixo.<\/p>\n\n\n\n<p><strong>Linha Vermelha \u2013 Taguatinga Shopping<\/strong><br>\u00c0s ter\u00e7as e quintas-feiras, at\u00e9 14\/4, um micro-\u00f4nibus climatizado faz o percurso de ida e volta entre o shopping e o Hemocentro.<br>Ponto de embarque: entrada principal do Taguatinga Shopping, de frente para o hipermercado Extra, na via interna do centro comercial.<br>Hor\u00e1rios de sa\u00edda:<br>\u2013 Shopping para Hemocentro: 9h e 13h<br>\u2013 Hemocentro para o shopping: 12h e 16h<br>Dura\u00e7\u00e3o do percurso: uma hora.<\/p>\n\n\n\n<p><strong>Linha Vermelha \u2013 Rodovi\u00e1ria<\/strong><br>De segunda a sexta-feira, um ve\u00edculo do Hemocentro faz o percurso de ida e volta entre a institui\u00e7\u00e3o e a Rodovi\u00e1ria do Plano Piloto.<br>Ponto de embarque: piso inferior da Rodovi\u00e1ria, voltado para a Catedral, onde normalmente estacionam os \u00f4nibus e vans de transporte de servidores p\u00fablicos.<br>Hor\u00e1rios de sa\u00edda:<br>\u2013 Hemocentro para Rodovi\u00e1ria: 8h, 9h, 10h, 11h, 12h, 13h, 14h, 15h, 16h, 17h<br>\u2013 Rodovi\u00e1ria para Hemocentro: 8h30, 9h30, 10h30, 11h30, 12h30, 13h30, 14h30, 15h30, 16h30<\/p>\n\n\n\n<p>Grupos de doadores tamb\u00e9m podem optar pelo transporte gratuito do Hemocentro.<\/p>\n\n\n\n<p>Para mais informa\u00e7\u00f5es sobre doa\u00e7\u00e3o, clique&nbsp;<a href=\"https:\/\/www.hemocentro.df.gov.br\/doacao-em-grupo\/\">aqui<\/a>.<\/p>\n\n\n\n<p>*<em>Com informa\u00e7\u00f5es da Funda\u00e7\u00e3o Hemocentro de Bras\u00edlia<\/em><\/p>\n\n\n\n<p><strong>Ag\u00eancia Bras\u00edlia* | Edi\u00e7\u00e3o: Chico Neto<\/strong><\/p>\n","protected":false},"excerpt":{"rendered":"<p>Doa\u00e7\u00f5es s\u00e3o bem-vindas \u00e0 Funda\u00e7\u00e3o Hemocentro de Bras\u00edlia (FHB), e voc\u00ea pode colaborar. Os estoques est\u00e3o 40% menores em rela\u00e7\u00e3o a mar\u00e7o de 2020, quando a Organiza\u00e7\u00e3o Mundial de Sa\u00fade (OMS) declarou a pandemia do novo coronav\u00edrus e houve a decreta\u00e7\u00e3o de medidas restritivas, como o fechamento do com\u00e9rcio, no Distrito Federal. As reservas de [&hellip;]<\/p>\n","protected":false},"author":1,"featured_media":0,"comment_status":"open","ping_status":"open","sticky":false,"template":"","format":"standard","meta":{"footnotes":""},"categories":[],"tags":[],"class_list":["post-5508","post","type-post","status-publish","format-standard","hentry"],"_links":{"self":[{"href":"https:\/\/aguaslindasnoticias.com.br\/index.php\/wp-json\/wp\/v2\/posts\/5508","targetHints":{"allow":["GET"]}}],"collection":[{"href":"https:\/\/aguaslindasnoticias.com.br\/index.php\/wp-json\/wp\/v2\/posts"}],"about":[{"href":"https:\/\/aguaslindasnoticias.com.br\/index.php\/wp-json\/wp\/v2\/types\/post"}],"author":[{"embeddable":true,"href":"https:\/\/aguaslindasnoticias.com.br\/index.php\/wp-json\/wp\/v2\/users\/1"}],"replies":[{"embeddable":true,"href":"https:\/\/aguaslindasnoticias.com.br\/index.php\/wp-json\/wp\/v2\/comments?post=5508"}],"version-history":[{"count":0,"href":"https:\/\/aguaslindasnoticias.com.br\/index.php\/wp-json\/wp\/v2\/posts\/5508\/revisions"}],"wp:attachment":[{"href":"https:\/\/aguaslindasnoticias.com.br\/index.php\/wp-json\/wp\/v2\/media?parent=5508"}],"wp:term":[{"taxonomy":"category","embeddable":true,"href":"https:\/\/aguaslindasnoticias.com.br\/index.php\/wp-json\/wp\/v2\/categories?post=5508"},{"taxonomy":"post_tag","embeddable":true,"href":"https:\/\/aguaslindasnoticias.com.br\/index.php\/wp-json\/wp\/v2\/tags?post=5508"}],"curies":[{"name":"wp","href":"https:\/\/api.w.org\/{rel}","templated":true}]}}