{"id":5505,"date":"2023-01-04T10:13:31","date_gmt":"2023-01-04T13:13:31","guid":{"rendered":"https:\/\/aguaslindasnoticias.com.br\/index.php\/2023\/01\/04\/mudas-do-cerrado-recuperam-terras-degradadas\/"},"modified":"2023-01-04T10:13:31","modified_gmt":"2023-01-04T13:13:31","slug":"mudas-do-cerrado-recuperam-terras-degradadas","status":"publish","type":"post","link":"https:\/\/aguaslindasnoticias.com.br\/index.php\/2023\/01\/04\/mudas-do-cerrado-recuperam-terras-degradadas\/","title":{"rendered":"Mudas do cerrado recuperam terras degradadas"},"content":{"rendered":"\n<p>Cerca de 48 mil \u00e1rvores nativas do cerrado plantadas por todo o Distrito Federal com a miss\u00e3o de recuperar \u00e1reas degradadas. Quatrocentos e setenta e quatro produtores rurais e suas propriedades atendidas. Esses s\u00e3o os n\u00fameros do projeto Reflorestar, da Secretaria de Agricultura, Abastecimento e Desenvolvimento Rural (Seagri), ao longo dos tr\u00eas \u00faltimos anos.<\/p>\n\n\n\n<figure class=\"wp-block-image\"><img decoding=\"async\" src=\"http:\/\/www.agenciabrasilia.df.gov.br\/wp-conteudo\/uploads\/2022\/03\/Dentro-1-Imaculada-dos-Santos-02-scaled.jpg\" alt=\"\" class=\"wp-image-388228\"\/><figcaption>Imaculada dos Santos, dona de uma pequena propriedade em Brazl\u00e2ndia, esteve no escrit\u00f3rio da Emater-DF e, ap\u00f3s se inscrever no programa, recebeu a doa\u00e7\u00e3o de 650 mudas de esp\u00e9cies do cerrado | Foto: L\u00facio Bernardo Jr.\/Ag\u00eancia Bras\u00edlia<\/figcaption><\/figure>\n\n\n\n<p>Uma proposta de educa\u00e7\u00e3o ambiental da secretaria que chama a aten\u00e7\u00e3o dos moradores do campo para a prote\u00e7\u00e3o e manuten\u00e7\u00e3o das nascentes, riachos e a conserva\u00e7\u00e3o do solo. E nada como reflorestar cultivando em seu terreno belezas de esp\u00e9cies como ip\u00eas, jatob\u00e1s; ou \u00e1rvores frut\u00edferas, como o pequi, a cagaita e outras.<\/p>\n\n\n\n<blockquote class=\"wp-block-quote is-layout-flow wp-block-quote-is-layout-flow\"><p>Para participar do programa, o interessado precisa ter uma gleba de no m\u00ednimo dois hectares localizada no DF. E possuir ali \u00e1reas de preserva\u00e7\u00e3o permanente a serem recuperadas ou \u00e1reas de reserva legal<\/p><\/blockquote>\n\n\n\n<p>Foi o que fez a aposentada Imaculada dos Santos, 67, dona de uma pequena propriedade na Fazenda Chapadinha, em Brazl\u00e2ndia. O s\u00edtio de cerca de 50 hectares contava com uma enorme \u00e1rea descampada e uma nascente de \u00e1gua que secava a cada estiagem. \u201cAquilo me incomodava. Da\u00ed, eu e meu marido fomos buscar informa\u00e7\u00f5es junto ao governo sobre como recuperar aquela terra\u201d, conta.<\/p>\n\n\n\n<p>Imaculada esteve no escrit\u00f3rio da Emater-DF em Brazl\u00e2ndia e, ap\u00f3s se inscrever no programa, recebeu a doa\u00e7\u00e3o de 650 mudas de esp\u00e9cies do cerrado. Exemplares de aroeira, jatob\u00e1-da-mata e p\u00e9s de pitomba foram plantados em seu campo. Algumas vingaram, outras nem tanto.<\/p>\n\n\n\n<p>\u201cFoi maravilhoso, muitas \u00e1rvores bonitas cresceram no s\u00edtio. Eu me criei em uma fazenda onde se costuma ver muita \u00e1gua, c\u00f3rregos. E sei da&nbsp; import\u00e2ncia disso pra natureza\u201d, acrescenta. Atualmente, a aposentada planta abacate, mandioca e tem algumas galinhas na ch\u00e1cara.<\/p>\n\n\n\n<p><strong>Granja Modelo do Ip\u00ea \u00e9 de onde saem as mudas<\/strong><\/p>\n\n\n\n<figure class=\"wp-block-image\"><img decoding=\"async\" src=\"http:\/\/www.agenciabrasilia.df.gov.br\/wp-conteudo\/uploads\/2022\/03\/WhatsApp-Image-2022-03-14-at-20.02.03.jpeg\" alt=\"\" class=\"wp-image-388240\"\/><figcaption>Na Granja Modelo do Ip\u00ea, no Park Way, se produz cerca de 90 esp\u00e9cies diferentes de mudas t\u00edpicas de nosso bioma | Foto: Divulga\u00e7\u00e3o\/Seagri<\/figcaption><\/figure>\n\n\n\n<p>O Reflorestar credenciou quase 200 produtores rurais somente no ano de 2021. Em novembro, \u2018turbinou\u2019 de uma vez s\u00f3 quatro comunidades rurais de \u00c1guas Emendadas, em Planaltina, com cerca de tr\u00eas mil mudas de \u00e1rvores do cerrado. Chacareiros do Quintas do Vale Verde, Jardim Morumbi, Bonsucesso e Quintas do Maranh\u00e3o foram beneficiados.<\/p>\n\n\n\n<p>A Granja Modelo do Ip\u00ea, no Park Way, \u00e9 a fonte: l\u00e1 se produz cerca de 90 esp\u00e9cies diferentes de mudas t\u00edpicas de nosso bioma. Logo ap\u00f3s uma visita t\u00e9cnica da Emater ou da Seagri, cabe ao propriet\u00e1rio buscar suas mudinhas no viveiro.<\/p>\n\n\n\n<p>\u201cFazemos uma vistoria in loco na propriedade para conhec\u00ea-la e ver as mudas adequadas para aquela terra. Depois, passamos orienta\u00e7\u00e3o para o produtor sobre como cultivar, o espa\u00e7amento entre as plantas, o tamanho da cova, etc.\u201d, explica o t\u00e9cnico da Ger\u00eancia de Adequa\u00e7\u00e3o Ambiental da Seagri, Rog\u00e9rio do Ros\u00e1rio.<\/p>\n\n\n\n<p>As pequenas plantinhas s\u00e3o distribu\u00eddas pela Granja do Ip\u00ea entre outubro e mar\u00e7o, \u00e9poca de chuvas na capital. Ou a qualquer tempo, caso o produtor tenha sistema de irriga\u00e7\u00e3o, de acordo com a Seagri. \u201cO prop\u00f3sito do Reflorestar n\u00e3o \u00e9 o paisagismo ou a doa\u00e7\u00e3o de mudas para se fazer uma alameda de ip\u00eas, por exemplo\u201d, adianta o t\u00e9cnico em agropecu\u00e1ria e respons\u00e1vel pelo viveiro, Claudio Silva.&nbsp; \u201cE, sim, fazer a reabilita\u00e7\u00e3o ambiental, contribuindo com a produ\u00e7\u00e3o de \u00e1gua, com a transi\u00e7\u00e3o de animais e a poliniza\u00e7\u00e3o\u201d, explica.<\/p>\n\n\n\n<p><strong>Pr\u00e9-requisitos para reflorestar<\/strong><\/p>\n\n\n\n<p>Para participar, o interessado precisa ter uma gleba de no m\u00ednimo dois hectares localizada no Distrito Federal. E possuir ali \u00e1reas de preserva\u00e7\u00e3o permanente (APPs) a serem recuperadas ou \u00e1reas de reserva legal. Estas \u00faltimas s\u00e3o espa\u00e7os que podem ser explorados com o manejo florestal, mas conservando um percentual da vegeta\u00e7\u00e3o nativa previsto em lei.<\/p>\n\n\n\n<p><strong>Rafael Secunho, da Ag\u00eancia Bras\u00edlia I Edi\u00e7\u00e3o: D\u00e9bora Cronemberger<\/strong><\/p>\n","protected":false},"excerpt":{"rendered":"<p>Cerca de 48 mil \u00e1rvores nativas do cerrado plantadas por todo o Distrito Federal com a miss\u00e3o de recuperar \u00e1reas degradadas. Quatrocentos e setenta e quatro produtores rurais e suas propriedades atendidas. Esses s\u00e3o os n\u00fameros do projeto Reflorestar, da Secretaria de Agricultura, Abastecimento e Desenvolvimento Rural (Seagri), ao longo dos tr\u00eas \u00faltimos anos. Uma [&hellip;]<\/p>\n","protected":false},"author":1,"featured_media":0,"comment_status":"open","ping_status":"open","sticky":false,"template":"","format":"standard","meta":{"footnotes":""},"categories":[],"tags":[],"class_list":["post-5505","post","type-post","status-publish","format-standard","hentry"],"_links":{"self":[{"href":"https:\/\/aguaslindasnoticias.com.br\/index.php\/wp-json\/wp\/v2\/posts\/5505","targetHints":{"allow":["GET"]}}],"collection":[{"href":"https:\/\/aguaslindasnoticias.com.br\/index.php\/wp-json\/wp\/v2\/posts"}],"about":[{"href":"https:\/\/aguaslindasnoticias.com.br\/index.php\/wp-json\/wp\/v2\/types\/post"}],"author":[{"embeddable":true,"href":"https:\/\/aguaslindasnoticias.com.br\/index.php\/wp-json\/wp\/v2\/users\/1"}],"replies":[{"embeddable":true,"href":"https:\/\/aguaslindasnoticias.com.br\/index.php\/wp-json\/wp\/v2\/comments?post=5505"}],"version-history":[{"count":0,"href":"https:\/\/aguaslindasnoticias.com.br\/index.php\/wp-json\/wp\/v2\/posts\/5505\/revisions"}],"wp:attachment":[{"href":"https:\/\/aguaslindasnoticias.com.br\/index.php\/wp-json\/wp\/v2\/media?parent=5505"}],"wp:term":[{"taxonomy":"category","embeddable":true,"href":"https:\/\/aguaslindasnoticias.com.br\/index.php\/wp-json\/wp\/v2\/categories?post=5505"},{"taxonomy":"post_tag","embeddable":true,"href":"https:\/\/aguaslindasnoticias.com.br\/index.php\/wp-json\/wp\/v2\/tags?post=5505"}],"curies":[{"name":"wp","href":"https:\/\/api.w.org\/{rel}","templated":true}]}}