{"id":5504,"date":"2023-01-04T10:13:31","date_gmt":"2023-01-04T13:13:31","guid":{"rendered":"https:\/\/aguaslindasnoticias.com.br\/index.php\/2023\/01\/04\/obras-na-rede-eletrica-deixam-cinco-regioes-do-df-sem-energia\/"},"modified":"2023-01-04T10:13:31","modified_gmt":"2023-01-04T13:13:31","slug":"obras-na-rede-eletrica-deixam-cinco-regioes-do-df-sem-energia","status":"publish","type":"post","link":"https:\/\/aguaslindasnoticias.com.br\/index.php\/2023\/01\/04\/obras-na-rede-eletrica-deixam-cinco-regioes-do-df-sem-energia\/","title":{"rendered":"Obras na rede el\u00e9trica deixam cinco regi\u00f5es do DF sem energia"},"content":{"rendered":"\n<p>Cinco regi\u00f5es do Distrito Federal precisar\u00e3o ter o fornecimento de energia interrompido, nesta quarta-feira (23), para servi\u00e7os de melhoria na rede el\u00e9trica. O desligamento \u00e9 importante para evitar que acidentes aconte\u00e7am.<\/p>\n\n\n\n<figure class=\"wp-block-image\"><img decoding=\"async\" src=\"http:\/\/www.agenciabrasilia.df.gov.br\/wp-conteudo\/uploads\/2022\/03\/APR_3122.jpg\" alt=\"\" class=\"wp-image-388234\"\/><figcaption>Caso os trabalhos sejam conclu\u00eddos antes do previsto, a energia ser\u00e1 religada sem aviso pr\u00e9vio | Foto: Arquivo\/Ag\u00eancia Bras\u00edlia<\/figcaption><\/figure>\n\n\n\n<p>A partir das 9h, uma obra de substitui\u00e7\u00e3o de rede convencional para rede compacta protegida deixar\u00e1 sem energia, at\u00e9 as 16h30, as QRs 209 (conjunto M e N), 210 (conjuntos A e B) e 310 (Conjunto B), em Santa Maria.<\/p>\n\n\n\n<blockquote class=\"wp-block-quote is-layout-flow wp-block-quote-is-layout-flow\"><p>Al\u00e9m dos desligamentos programados, pode acontecer de acabar a energia em alguma regi\u00e3o, sem aviso pr\u00e9vio. Nestes casos, a popula\u00e7\u00e3o pode registrar a ocorr\u00eancia pelo telefone 116<\/p><\/blockquote>\n\n\n\n<p>Em Sobradinho, os trabalhos foram divididos em tr\u00eas etapas. Das 8h30 \u00e0s 13h30, o desligamento ser\u00e1 na Quadra 2, conjunto A1, para substitui\u00e7\u00e3o de rede convencional para rede compacta protegida. Das 9h \u00e0s 16h30, o mesmo servi\u00e7o cortar\u00e1 a energia na Quadra 2 (conjuntos E2, 4, 6, 8, 10, 12, 14, 16 e 18). No mesmo hor\u00e1rio, por\u00e9m, para manuten\u00e7\u00e3o e poda de \u00e1rvore, ser\u00e3o afetadas as ruas 10 a 19 do Lago Oeste.<\/p>\n\n\n\n<p>Outras tr\u00eas regi\u00f5es tamb\u00e9m passar\u00e3o por substitui\u00e7\u00e3o de rede convencional: Arniqueira, das 9h \u00e0s 16h30, afetando os setores habitacionais 13 a 16, 19, 131, 135 e 136; S\u00e3o Sebasti\u00e3o, no mesmo hor\u00e1rio, provocando desligamento nas quadras 1,2 e 3 de S\u00e3o Jos\u00e9; e Recanto das Emas, das 9h \u00e0s 13h30, afetando a Ch\u00e1cara Pajussara, ch\u00e1caras 1 e 2.<\/p>\n\n\n\n<p>Caso os trabalhos sejam conclu\u00eddos antes do previsto, a energia ser\u00e1 religada sem aviso pr\u00e9vio.<\/p>\n\n\n\n<p>Al\u00e9m dos desligamentos programados, pode acontecer de acabar a energia em alguma regi\u00e3o, sem aviso pr\u00e9vio. Nestes casos, a popula\u00e7\u00e3o pode registrar a ocorr\u00eancia pelo telefone 116. Clientes portadores de defici\u00eancia auditiva e de fala podem acessar o atendimento pelo 0800 701 01 55, desde que utilizem aparelho adaptado para essa finalidade.<\/p>\n\n\n\n<p><strong>Alline Martins, da Ag\u00eancia Bras\u00edlia | Edi\u00e7\u00e3o: Renata Lu<\/strong><\/p>\n","protected":false},"excerpt":{"rendered":"<p>Cinco regi\u00f5es do Distrito Federal precisar\u00e3o ter o fornecimento de energia interrompido, nesta quarta-feira (23), para servi\u00e7os de melhoria na rede el\u00e9trica. O desligamento \u00e9 importante para evitar que acidentes aconte\u00e7am. A partir das 9h, uma obra de substitui\u00e7\u00e3o de rede convencional para rede compacta protegida deixar\u00e1 sem energia, at\u00e9 as 16h30, as QRs 209 [&hellip;]<\/p>\n","protected":false},"author":1,"featured_media":0,"comment_status":"open","ping_status":"open","sticky":false,"template":"","format":"standard","meta":{"footnotes":""},"categories":[],"tags":[],"class_list":["post-5504","post","type-post","status-publish","format-standard","hentry"],"_links":{"self":[{"href":"https:\/\/aguaslindasnoticias.com.br\/index.php\/wp-json\/wp\/v2\/posts\/5504","targetHints":{"allow":["GET"]}}],"collection":[{"href":"https:\/\/aguaslindasnoticias.com.br\/index.php\/wp-json\/wp\/v2\/posts"}],"about":[{"href":"https:\/\/aguaslindasnoticias.com.br\/index.php\/wp-json\/wp\/v2\/types\/post"}],"author":[{"embeddable":true,"href":"https:\/\/aguaslindasnoticias.com.br\/index.php\/wp-json\/wp\/v2\/users\/1"}],"replies":[{"embeddable":true,"href":"https:\/\/aguaslindasnoticias.com.br\/index.php\/wp-json\/wp\/v2\/comments?post=5504"}],"version-history":[{"count":0,"href":"https:\/\/aguaslindasnoticias.com.br\/index.php\/wp-json\/wp\/v2\/posts\/5504\/revisions"}],"wp:attachment":[{"href":"https:\/\/aguaslindasnoticias.com.br\/index.php\/wp-json\/wp\/v2\/media?parent=5504"}],"wp:term":[{"taxonomy":"category","embeddable":true,"href":"https:\/\/aguaslindasnoticias.com.br\/index.php\/wp-json\/wp\/v2\/categories?post=5504"},{"taxonomy":"post_tag","embeddable":true,"href":"https:\/\/aguaslindasnoticias.com.br\/index.php\/wp-json\/wp\/v2\/tags?post=5504"}],"curies":[{"name":"wp","href":"https:\/\/api.w.org\/{rel}","templated":true}]}}