{"id":5502,"date":"2023-01-04T10:13:31","date_gmt":"2023-01-04T13:13:31","guid":{"rendered":"https:\/\/aguaslindasnoticias.com.br\/index.php\/2023\/01\/04\/no-dia-da-mulher-professora-herica-se-filia-ao-pmn\/"},"modified":"2023-01-04T10:13:31","modified_gmt":"2023-01-04T13:13:31","slug":"no-dia-da-mulher-professora-herica-se-filia-ao-pmn","status":"publish","type":"post","link":"https:\/\/aguaslindasnoticias.com.br\/index.php\/2023\/01\/04\/no-dia-da-mulher-professora-herica-se-filia-ao-pmn\/","title":{"rendered":"No dia da mulher Professora Herica se filia ao PMN"},"content":{"rendered":"\n<p><\/p>\n\n\n\n<p>Refor\u00e7ando o time que vai concorrer as elei\u00e7\u00f5es deste ano, o presidente do PMN \u2013DF Lucas Kontoyanis, assinou a ficha de filia\u00e7\u00e3o da Professora Herica, em uma data especial a todas as mulheres \u2013 Dia Internacional da Mulher\u00a0<br><br>Professora Herica \u00e9 P\u00f3s graduada em gest\u00e3o e v\u00eam desenvolvendo um excelente trabalho no segmento das escolas p\u00fablicas<\/p>\n\n\n\n<p>Filha de nordestinos, radicada em Bras\u00edlia e pretende concorrer a uma vaga para C\u00e2mara Legislativa.Professora Herica tem como bandeira a melhoria na educa\u00e7\u00e3o e mais oportunidades atrav\u00e9s do ensino de qualidade a todos os jovens.<\/p>\n\n\n\n<p>\u201cAcredito que a mulher deve ocupar seu lugar na pol\u00edtica\u201d Desta Herica<\/p>\n\n\n\n<figure class=\"wp-block-embed-youtube wp-block-embed is-type-video is-provider-youtube wp-embed-aspect-16-9 wp-has-aspect-ratio\"><div class=\"wp-block-embed__wrapper\">\n<iframe title=\"WhatsApp Video 2022 03 08 at 10 36 03 1\" width=\"640\" height=\"360\" src=\"https:\/\/www.youtube.com\/embed\/TYE1dVufpVY?feature=oembed\" frameborder=\"0\" allow=\"accelerometer; autoplay; clipboard-write; encrypted-media; gyroscope; picture-in-picture; web-share\" referrerpolicy=\"strict-origin-when-cross-origin\" allowfullscreen><\/iframe>\n<\/div><\/figure>\n","protected":false},"excerpt":{"rendered":"<p>Refor\u00e7ando o time que vai concorrer as elei\u00e7\u00f5es deste ano, o presidente do PMN \u2013DF Lucas Kontoyanis, assinou a ficha de filia\u00e7\u00e3o da Professora Herica, em uma data especial a todas as mulheres \u2013 Dia Internacional da Mulher\u00a0 Professora Herica \u00e9 P\u00f3s graduada em gest\u00e3o e v\u00eam desenvolvendo um excelente trabalho no segmento das escolas [&hellip;]<\/p>\n","protected":false},"author":1,"featured_media":0,"comment_status":"open","ping_status":"open","sticky":false,"template":"","format":"standard","meta":{"footnotes":""},"categories":[],"tags":[],"class_list":["post-5502","post","type-post","status-publish","format-standard","hentry"],"_links":{"self":[{"href":"https:\/\/aguaslindasnoticias.com.br\/index.php\/wp-json\/wp\/v2\/posts\/5502","targetHints":{"allow":["GET"]}}],"collection":[{"href":"https:\/\/aguaslindasnoticias.com.br\/index.php\/wp-json\/wp\/v2\/posts"}],"about":[{"href":"https:\/\/aguaslindasnoticias.com.br\/index.php\/wp-json\/wp\/v2\/types\/post"}],"author":[{"embeddable":true,"href":"https:\/\/aguaslindasnoticias.com.br\/index.php\/wp-json\/wp\/v2\/users\/1"}],"replies":[{"embeddable":true,"href":"https:\/\/aguaslindasnoticias.com.br\/index.php\/wp-json\/wp\/v2\/comments?post=5502"}],"version-history":[{"count":0,"href":"https:\/\/aguaslindasnoticias.com.br\/index.php\/wp-json\/wp\/v2\/posts\/5502\/revisions"}],"wp:attachment":[{"href":"https:\/\/aguaslindasnoticias.com.br\/index.php\/wp-json\/wp\/v2\/media?parent=5502"}],"wp:term":[{"taxonomy":"category","embeddable":true,"href":"https:\/\/aguaslindasnoticias.com.br\/index.php\/wp-json\/wp\/v2\/categories?post=5502"},{"taxonomy":"post_tag","embeddable":true,"href":"https:\/\/aguaslindasnoticias.com.br\/index.php\/wp-json\/wp\/v2\/tags?post=5502"}],"curies":[{"name":"wp","href":"https:\/\/api.w.org\/{rel}","templated":true}]}}