{"id":5501,"date":"2023-01-04T10:13:31","date_gmt":"2023-01-04T13:13:31","guid":{"rendered":"https:\/\/aguaslindasnoticias.com.br\/index.php\/2023\/01\/04\/simone-magalhaes-uma-representante-da-luta-pela-habitacao-no-df-filia-se-ao-pmn\/"},"modified":"2023-01-04T10:13:31","modified_gmt":"2023-01-04T13:13:31","slug":"simone-magalhaes-uma-representante-da-luta-pela-habitacao-no-df-filia-se-ao-pmn","status":"publish","type":"post","link":"https:\/\/aguaslindasnoticias.com.br\/index.php\/2023\/01\/04\/simone-magalhaes-uma-representante-da-luta-pela-habitacao-no-df-filia-se-ao-pmn\/","title":{"rendered":"Simone Magalh\u00e3es, uma representante da luta pela habita\u00e7\u00e3o no DF, filia-se ao PMN"},"content":{"rendered":"\n<figure class=\"wp-block-image size-large\"><img decoding=\"async\" src=\"http:\/\/claricegulyas.com.br\/wp-content\/uploads\/2022\/03\/simone.png\" alt=\"\" class=\"wp-image-9730\"\/><\/figure>\n\n\n\n<p>Por: Policiamento Inteligente<\/p>\n\n\n\n<p>Na \u00faltima semana, filiou-se ao Partido da Mobiliza\u00e7\u00e3o Nacional (Mobiliza) \u2013 PMN, a filha de Sobradinho e guerreira na luta pela moradia digna para as fam\u00edlias de baixa renda, Simone Magalh\u00e3es. Desde 2002, h\u00e1 exatos 20 anos, ela defende a causa em movimentos pr\u00f3-moradia no DF. \u00c9 uma forte lideran\u00e7a comunit\u00e1ria que luta e defende os mais necessitados.<\/p>\n\n\n\n<p>Na \u00faltima elei\u00e7\u00e3o, Simone Magalh\u00e3es foi candidata a deputada distrital tendo uma \u00f3tima vota\u00e7\u00e3o, sendo a maioria dos seus votos na regi\u00e3o de Sobradinho e Planaltina, sua \u00e1rea de influ\u00eancia e lideran\u00e7a. Ultimamente, est\u00e1 lutando pela cria\u00e7\u00e3o do Residencial Sobradinho, ao lado da UPA e da Cl\u00ednica da Fam\u00edlia de Sobradinho II, onde ser\u00e1 constru\u00eddo, entre outros equipamentos p\u00fablicos, a delegacia definitiva da cidade. Ela filiou-se ao partido e \u00e9 pr\u00e9-candidata a deputada distrital para as pr\u00f3ximas elei\u00e7\u00f5es.<\/p>\n\n\n\n<p>Simone Magalh\u00e3es \u00e9 presidente do Movimento dos Inquilinos de Sobradinho (MISDF), idealizou e lutou pela cria\u00e7\u00e3o do Setor Habitacional Buritizinho. Ajudou tamb\u00e9m centenas de pessoas a conseguir sua moradia, no conjunto habitacional do Parano\u00e1 Parque, contribuindo para que milhares de fam\u00edlias fossem beneficiadas com o sonho da casa pr\u00f3pria, com toda infraestrutura e saneamento b\u00e1sico. Al\u00e9m disso, ainda, contribuiu na luta para a constru\u00e7\u00e3o da UBS 7 (Unidade B\u00e1sica de Sa\u00fade) no Buritizinho e o funcionamento das salas de vacina\u00e7\u00e3o e da farm\u00e1cia.<\/p>\n","protected":false},"excerpt":{"rendered":"<p>Por: Policiamento Inteligente Na \u00faltima semana, filiou-se ao Partido da Mobiliza\u00e7\u00e3o Nacional (Mobiliza) \u2013 PMN, a filha de Sobradinho e guerreira na luta pela moradia digna para as fam\u00edlias de baixa renda, Simone Magalh\u00e3es. Desde 2002, h\u00e1 exatos 20 anos, ela defende a causa em movimentos pr\u00f3-moradia no DF. \u00c9 uma forte lideran\u00e7a comunit\u00e1ria que [&hellip;]<\/p>\n","protected":false},"author":1,"featured_media":0,"comment_status":"open","ping_status":"open","sticky":false,"template":"","format":"standard","meta":{"footnotes":""},"categories":[],"tags":[],"class_list":["post-5501","post","type-post","status-publish","format-standard","hentry"],"_links":{"self":[{"href":"https:\/\/aguaslindasnoticias.com.br\/index.php\/wp-json\/wp\/v2\/posts\/5501","targetHints":{"allow":["GET"]}}],"collection":[{"href":"https:\/\/aguaslindasnoticias.com.br\/index.php\/wp-json\/wp\/v2\/posts"}],"about":[{"href":"https:\/\/aguaslindasnoticias.com.br\/index.php\/wp-json\/wp\/v2\/types\/post"}],"author":[{"embeddable":true,"href":"https:\/\/aguaslindasnoticias.com.br\/index.php\/wp-json\/wp\/v2\/users\/1"}],"replies":[{"embeddable":true,"href":"https:\/\/aguaslindasnoticias.com.br\/index.php\/wp-json\/wp\/v2\/comments?post=5501"}],"version-history":[{"count":0,"href":"https:\/\/aguaslindasnoticias.com.br\/index.php\/wp-json\/wp\/v2\/posts\/5501\/revisions"}],"wp:attachment":[{"href":"https:\/\/aguaslindasnoticias.com.br\/index.php\/wp-json\/wp\/v2\/media?parent=5501"}],"wp:term":[{"taxonomy":"category","embeddable":true,"href":"https:\/\/aguaslindasnoticias.com.br\/index.php\/wp-json\/wp\/v2\/categories?post=5501"},{"taxonomy":"post_tag","embeddable":true,"href":"https:\/\/aguaslindasnoticias.com.br\/index.php\/wp-json\/wp\/v2\/tags?post=5501"}],"curies":[{"name":"wp","href":"https:\/\/api.w.org\/{rel}","templated":true}]}}