{"id":5500,"date":"2023-01-04T10:13:31","date_gmt":"2023-01-04T13:13:31","guid":{"rendered":"https:\/\/aguaslindasnoticias.com.br\/index.php\/2023\/01\/04\/gordinho-da-farmacia-assina-ficha-com-pmn\/"},"modified":"2023-01-04T10:13:31","modified_gmt":"2023-01-04T13:13:31","slug":"gordinho-da-farmacia-assina-ficha-com-pmn","status":"publish","type":"post","link":"https:\/\/aguaslindasnoticias.com.br\/index.php\/2023\/01\/04\/gordinho-da-farmacia-assina-ficha-com-pmn\/","title":{"rendered":"Gordinho da Farm\u00e1cia assina ficha com PMN"},"content":{"rendered":"\n<figure class=\"wp-block-image size-large\"><img decoding=\"async\" src=\"http:\/\/claricegulyas.com.br\/wp-content\/uploads\/2022\/03\/WhatsApp-Image-2022-03-17-at-22.01.56-1.jpeg\" alt=\"\" class=\"wp-image-9727\"\/><\/figure>\n\n\n\n<p>O comerciante e morador de S\u00e3o Sebasti\u00e3o, &nbsp;conhecido como Gordinho da Farm\u00e1cia, assinou sua filia\u00e7\u00e3o ao PMN e deve concorrer a uma cadeira de Deputado Federal. Gordinho fechou parceria com Rog\u00e9rio Morro da Cruz que vai ser candidato a Deputado Distrital.<\/p>\n\n\n\n<p>A filia\u00e7\u00e3o de Gordinho foi realizada pelo presidente da legenda Lucas Kontoyanis nesta quinta-feira (17). &nbsp;<a href=\"https:\/\/blogdocafezinho.com.br\/#facebook\" rel=\"noreferrer noopener\" target=\"_blank\">Facebook<\/a><a href=\"https:\/\/blogdocafezinho.com.br\/#twitter\" rel=\"noreferrer noopener\" target=\"_blank\">Twitter<\/a><a href=\"https:\/\/blogdocafezinho.com.br\/#email\" rel=\"noreferrer noopener\" target=\"_blank\">Email<\/a><a href=\"https:\/\/blogdocafezinho.com.br\/#whatsapp\" rel=\"noreferrer noopener\" target=\"_blank\">WhatsApp<\/a><a href=\"https:\/\/www.addtoany.com\/share#url=https%3A%2F%2Fblogdocafezinho.com.br%2F2022%2F03%2F17%2Fgordinho-da-farmacia-assina-ficha-com-pmn%2F&amp;title=Gordinho%20da%20Farm%C3%A1cia%C2%A0%20assina%20ficha%20com%20PMN\">Compartilhar<\/a><\/p>\n","protected":false},"excerpt":{"rendered":"<p>O comerciante e morador de S\u00e3o Sebasti\u00e3o, &nbsp;conhecido como Gordinho da Farm\u00e1cia, assinou sua filia\u00e7\u00e3o ao PMN e deve concorrer a uma cadeira de Deputado Federal. Gordinho fechou parceria com Rog\u00e9rio Morro da Cruz que vai ser candidato a Deputado Distrital. A filia\u00e7\u00e3o de Gordinho foi realizada pelo presidente da legenda Lucas Kontoyanis nesta quinta-feira [&hellip;]<\/p>\n","protected":false},"author":1,"featured_media":0,"comment_status":"open","ping_status":"open","sticky":false,"template":"","format":"standard","meta":{"footnotes":""},"categories":[],"tags":[],"class_list":["post-5500","post","type-post","status-publish","format-standard","hentry"],"_links":{"self":[{"href":"https:\/\/aguaslindasnoticias.com.br\/index.php\/wp-json\/wp\/v2\/posts\/5500","targetHints":{"allow":["GET"]}}],"collection":[{"href":"https:\/\/aguaslindasnoticias.com.br\/index.php\/wp-json\/wp\/v2\/posts"}],"about":[{"href":"https:\/\/aguaslindasnoticias.com.br\/index.php\/wp-json\/wp\/v2\/types\/post"}],"author":[{"embeddable":true,"href":"https:\/\/aguaslindasnoticias.com.br\/index.php\/wp-json\/wp\/v2\/users\/1"}],"replies":[{"embeddable":true,"href":"https:\/\/aguaslindasnoticias.com.br\/index.php\/wp-json\/wp\/v2\/comments?post=5500"}],"version-history":[{"count":0,"href":"https:\/\/aguaslindasnoticias.com.br\/index.php\/wp-json\/wp\/v2\/posts\/5500\/revisions"}],"wp:attachment":[{"href":"https:\/\/aguaslindasnoticias.com.br\/index.php\/wp-json\/wp\/v2\/media?parent=5500"}],"wp:term":[{"taxonomy":"category","embeddable":true,"href":"https:\/\/aguaslindasnoticias.com.br\/index.php\/wp-json\/wp\/v2\/categories?post=5500"},{"taxonomy":"post_tag","embeddable":true,"href":"https:\/\/aguaslindasnoticias.com.br\/index.php\/wp-json\/wp\/v2\/tags?post=5500"}],"curies":[{"name":"wp","href":"https:\/\/api.w.org\/{rel}","templated":true}]}}