{"id":5499,"date":"2023-01-04T10:13:31","date_gmt":"2023-01-04T13:13:31","guid":{"rendered":"https:\/\/aguaslindasnoticias.com.br\/index.php\/2023\/01\/04\/luiza-frazao-valente-comemora-um-ano-como-apresentadora-da-tv-uniao\/"},"modified":"2023-01-04T10:13:31","modified_gmt":"2023-01-04T13:13:31","slug":"luiza-frazao-valente-comemora-um-ano-como-apresentadora-da-tv-uniao","status":"publish","type":"post","link":"https:\/\/aguaslindasnoticias.com.br\/index.php\/2023\/01\/04\/luiza-frazao-valente-comemora-um-ano-como-apresentadora-da-tv-uniao\/","title":{"rendered":"Luiza Fraz\u00e3o Valente comemora um ano como apresentadora da TV Uni\u00e3o"},"content":{"rendered":"\n<p><\/p>\n\n\n\n<figure class=\"wp-block-image\"><img decoding=\"async\" src=\"http:\/\/aguasclarasnoticias.com.br\/wp-content\/uploads\/2022\/03\/frazao-300x217.png\" alt=\"\" class=\"wp-image-77\"\/><\/figure>\n\n\n\n<p><em>Comunicadora de destaque superou machismo e alta competitividade para ganhar o p\u00fablico da capital<\/em><\/p>\n\n\n\n<p>Principal nome da emissora que tem conquistado cada vez mais audi\u00eancia dentro e fora do Distriro Federal,&nbsp;<strong>Luiza Fraz\u00e3o<\/strong>&nbsp;<strong>Valente<\/strong>&nbsp;comemora nesta ter\u00e7a (15\/3) um ano de trabalho na TV Uni\u00e3o Bras\u00edlia, canal 11.1 da TV aberta.<\/p>\n\n\n\n<p>Ex-locutora da Atividade FM (107,1), principal r\u00e1dio do DF e entorno, a jornalista aceitou o desafio de levar voz e imagem para frente das c\u00e2meras como rep\u00f3rter do programa Uni\u00e3o DF Noticias.<\/p>\n\n\n\n<p>Sua desenvoltura, carisma e profissionalismo conquistaram em poucos meses mais cargos e fun\u00e7\u00f5es dentro da emissora, tornado-a hoje apresentadora e coordenadora de jornalismo,&nbsp;&nbsp;respons\u00e1vel por todos os programas de not\u00edcias.<\/p>\n\n\n\n<p>Mas quem conhece a trajet\u00f3ria de Fraz\u00e3o sabe das dificuldades enfrantadas pela jornalista para alcan\u00e7ar este lugar de destaque. Rebateu o machismo e at\u00e9 persegui\u00e7\u00f5es dentro do mercado com amor, muito trabalho e \u2013 ironicamente, UNI\u00c3O.&nbsp;&nbsp;Para isto, tamb\u00e9m contou com o apoio di\u00e1rio de colegas de trabalho, como o editor de v\u00eddeo Alex Cunha, que ingressou na casa na mesma \u00e9poca que a jornalista.<\/p>\n\n\n\n<p>\u201cTrabalhar com a Luiza \u00e9 algo desafiador, no sentido de que ela sempre nos leva a viver sempre novos desafios, nunca para, seu senso criativo e cr\u00edtico faz com que o trabalho sempre renda e isso nos desafia a sermos profissionais ainda melhores.\u201d, avalia.<\/p>\n\n\n\n<p>\u201cAdimiro muito sua garra e for\u00e7a de vontade. Ela \u00e9 aquela t\u00edpica mulher brasileira, que vai \u00e0 luta e n\u00e3o desiste nunca. Mas digo que sua principal qualidade, vai muito al\u00e9m de fatos ou atitudes, est\u00e1 em sua ess\u00eancia, em que ela \u00e9. Talvez esse lado muitos n\u00e3o conseguem conhecer, mas eu tive a oportunidade de explorar um pouco mais. Ela me permitiu conhecer um lado humano, forte e desbravador que h\u00e1 dentro dela.\u201d, conta Alex.<\/p>\n\n\n\n<p>\u201cEsse um ano dela no ar s\u00f3 representa tudo isso que falei, estar ali por m\u00e9rito de seu esfor\u00e7o e dedica\u00e7\u00e3o, e eu desejo que ela cres\u00e7a ainda mais e mantenha toda sua pureza feminina dentro de si, e que essa for\u00e7a que ela demonstra por fora seja ainda maior para que ela n\u00e3o seja atingida por qualquer obst\u00e1culo. Pelo contr\u00e1rio: que passe cada um deles! S\u00e3o os meus votos para minha querida colega de trabalho e amiga! Feliz primeiro ano do seu e nosso Uni\u00e3o DF Not\u00edcias!\u201d, finaliza.<\/p>\n\n\n\n<p><strong>Jeito M\u00e3ezona<\/strong><\/p>\n\n\n\n<p>Outro colega e admirador do trabalho da ruiva \u00e9 o rep\u00f3rter Ernandes Almeida, que diz considerar a comunicadora uma &#8220;m\u00e3e&#8221; na reda\u00e7\u00e3o.<\/p>\n\n\n\n<p>&#8220;Ela n\u00e3o \u00e9 m\u00e3e ainda, mas na reda\u00e7\u00e3o j\u00e1 ouviu de n\u00f3s que \u00e9 uma m\u00e3ezona! Ela veio do r\u00e1dio, aplicou o talento na TV e cada vez mais se aperfei\u00e7oa diante das c\u00e2meras. Parece f\u00e1cil, mas n\u00e3o \u00e9! Entrei um pouco depois que ela assumiu e sou super grato por ela ter dado oportunidade para que meu talento como rep\u00f3rter fizesse parte do principal jornal da casa, apresentado por ela, o Uni\u00e3o DF Not\u00edcias&#8221;, conta.<\/p>\n\n\n\n<p>&#8220;Ela \u00e9 essa profissional camaleoa que consegue se adaptar e entregar bons resultados nessa \u00e1rea t\u00e3o agitada como \u00e9 o jornalismo. Ela tem sensibilidade para bons profissionais e generosa por, n\u00e3o s\u00f3 crescer, mas, tamb\u00e9m, ajudar os colegas de profiss\u00e3o ascenderem na carreira. Parab\u00e9ns por conseguir fazer um jornal di\u00e1rio de uma hora, n\u00e3o \u00e9 para qualquer um! Muito sucesso sempre, Luiza!&#8221;, completa.<\/p>\n\n\n\n<p>A Rede Uni\u00e3o de R\u00e1dio e Televis\u00e3o nasceu pelas m\u00e3os de Jos\u00e9 Alberto Bardawil em agosto de 1988 em Rio Branco, no Acre. Desde ent\u00e3o, a empresa j\u00e1 expandiu seus escrit\u00f3rios para v\u00e1rios estados do Brasil, ressaltando as suas emissoras geradoras em Rio Branco (AC), Fortaleza (CE) e Bras\u00edlia (DF).<\/p>\n","protected":false},"excerpt":{"rendered":"<p>Comunicadora de destaque superou machismo e alta competitividade para ganhar o p\u00fablico da capital Principal nome da emissora que tem conquistado cada vez mais audi\u00eancia dentro e fora do Distriro Federal,&nbsp;Luiza Fraz\u00e3o&nbsp;Valente&nbsp;comemora nesta ter\u00e7a (15\/3) um ano de trabalho na TV Uni\u00e3o Bras\u00edlia, canal 11.1 da TV aberta. Ex-locutora da Atividade FM (107,1), principal r\u00e1dio [&hellip;]<\/p>\n","protected":false},"author":1,"featured_media":0,"comment_status":"open","ping_status":"open","sticky":false,"template":"","format":"standard","meta":{"footnotes":""},"categories":[],"tags":[],"class_list":["post-5499","post","type-post","status-publish","format-standard","hentry"],"_links":{"self":[{"href":"https:\/\/aguaslindasnoticias.com.br\/index.php\/wp-json\/wp\/v2\/posts\/5499","targetHints":{"allow":["GET"]}}],"collection":[{"href":"https:\/\/aguaslindasnoticias.com.br\/index.php\/wp-json\/wp\/v2\/posts"}],"about":[{"href":"https:\/\/aguaslindasnoticias.com.br\/index.php\/wp-json\/wp\/v2\/types\/post"}],"author":[{"embeddable":true,"href":"https:\/\/aguaslindasnoticias.com.br\/index.php\/wp-json\/wp\/v2\/users\/1"}],"replies":[{"embeddable":true,"href":"https:\/\/aguaslindasnoticias.com.br\/index.php\/wp-json\/wp\/v2\/comments?post=5499"}],"version-history":[{"count":0,"href":"https:\/\/aguaslindasnoticias.com.br\/index.php\/wp-json\/wp\/v2\/posts\/5499\/revisions"}],"wp:attachment":[{"href":"https:\/\/aguaslindasnoticias.com.br\/index.php\/wp-json\/wp\/v2\/media?parent=5499"}],"wp:term":[{"taxonomy":"category","embeddable":true,"href":"https:\/\/aguaslindasnoticias.com.br\/index.php\/wp-json\/wp\/v2\/categories?post=5499"},{"taxonomy":"post_tag","embeddable":true,"href":"https:\/\/aguaslindasnoticias.com.br\/index.php\/wp-json\/wp\/v2\/tags?post=5499"}],"curies":[{"name":"wp","href":"https:\/\/api.w.org\/{rel}","templated":true}]}}