{"id":5498,"date":"2023-01-04T10:13:23","date_gmt":"2023-01-04T13:13:23","guid":{"rendered":"https:\/\/aguaslindasnoticias.com.br\/index.php\/2023\/01\/04\/camara-aprova-projeto-de-flavia-arruda-que-torna-crime-a-violencia-institucional\/"},"modified":"2023-01-04T10:13:23","modified_gmt":"2023-01-04T13:13:23","slug":"camara-aprova-projeto-de-flavia-arruda-que-torna-crime-a-violencia-institucional","status":"publish","type":"post","link":"https:\/\/aguaslindasnoticias.com.br\/index.php\/2023\/01\/04\/camara-aprova-projeto-de-flavia-arruda-que-torna-crime-a-violencia-institucional\/","title":{"rendered":"C\u00e2mara aprova projeto de Fl\u00e1via Arruda que torna crime a viol\u00eancia institucional"},"content":{"rendered":"\n<figure class=\"wp-block-image size-large\"><img decoding=\"async\" src=\"http:\/\/claricegulyas.com.br\/wp-content\/uploads\/2022\/03\/WhatsApp-Image-2022-03-18-at-17.27.01-1024x683.jpeg\" alt=\"\" class=\"wp-image-9720\"\/><\/figure>\n\n\n\n<p>O Plen\u00e1rio da C\u00e2mara dos Deputados aprovou nesta quarta-feira (16) a proposta de autoria da deputada federal Fl\u00e1via Arruda (PL-DF) que muda a Lei de Abuso de Autoridade e torna crime a viol\u00eancia institucional. Este tipo de viol\u00eancia pode ser caracterizada, por exemplo, em casos que a v\u00edtima de um processo \u00e9 submetida a procedimentos desnecess\u00e1rios, repetitivos ou invasivos que a leve a reviver, sem necessidade, a situa\u00e7\u00e3o de viol\u00eancia.<\/p>\n\n\n\n<p>O projeto foi apresentado pela Ministra da Secretaria de Governo da Presid\u00eancia da Rep\u00fablica, Fl\u00e1via Arruda, enquanto deputada federal em 2020, ap\u00f3s a repercuss\u00e3o do caso Mariana Ferrer e como resposta do poder legislativo em defesa das mulheres v\u00edtimas de viol\u00eancia.<\/p>\n\n\n\n<p>\u201cN\u00e3o podemos permitir que as v\u00edtimas sejam humilhadas e submetidas a mais agress\u00f5es, sobretudo em um momento de vulnerabilidade\u201d, destacou Fl\u00e1via Arruda. O projeto ser\u00e1 enviado \u00e0 san\u00e7\u00e3o presidencial.<\/p>\n\n\n\n<p>Todas as v\u00edtimas<br>O combate \u00e0 viol\u00eancia institucional j\u00e1 faz parte da legisla\u00e7\u00e3o brasileira por meio do Decreto 9.603\/18, que estabelece o sistema de garantia de direitos da crian\u00e7a e do adolescente v\u00edtima ou testemunha de viol\u00eancia.<br>O objetivo da proposta \u00e9 que a pr\u00e1tica desse tipo de abuso seja criminalizada, e que a tipifica\u00e7\u00e3o do crime valha para todas as v\u00edtimas e testemunhas de viol\u00eancia.<\/p>\n\n\n\n<p>Omiss\u00e3o<br>Se o agente p\u00fablico permitir que terceiro intimide a v\u00edtima de crimes violentos, gerando revitimiza\u00e7\u00e3o indevida, a pena ser\u00e1 aumentada em 2\/3. Caso o pr\u00f3prio agente p\u00fablico pratique essa intimida\u00e7\u00e3o, a pena ser\u00e1 aplicada em dobro.<\/p>\n\n\n\n<p>O Projeto de Lei 5091\/20 tamb\u00e9m \u00e9 assinado pelas deputadas federais Soraya Santos (PL\/RJ), Margarete Coelho (PP\/PI), Rose Modesto (PSDB\/MS) e Tabata Amaral (PSB\/SP).<\/p>\n","protected":false},"excerpt":{"rendered":"<p>O Plen\u00e1rio da C\u00e2mara dos Deputados aprovou nesta quarta-feira (16) a proposta de autoria da deputada federal Fl\u00e1via Arruda (PL-DF) que muda a Lei de Abuso de Autoridade e torna crime a viol\u00eancia institucional. Este tipo de viol\u00eancia pode ser caracterizada, por exemplo, em casos que a v\u00edtima de um processo \u00e9 submetida a procedimentos [&hellip;]<\/p>\n","protected":false},"author":1,"featured_media":0,"comment_status":"open","ping_status":"open","sticky":false,"template":"","format":"standard","meta":{"footnotes":""},"categories":[],"tags":[],"class_list":["post-5498","post","type-post","status-publish","format-standard","hentry"],"_links":{"self":[{"href":"https:\/\/aguaslindasnoticias.com.br\/index.php\/wp-json\/wp\/v2\/posts\/5498","targetHints":{"allow":["GET"]}}],"collection":[{"href":"https:\/\/aguaslindasnoticias.com.br\/index.php\/wp-json\/wp\/v2\/posts"}],"about":[{"href":"https:\/\/aguaslindasnoticias.com.br\/index.php\/wp-json\/wp\/v2\/types\/post"}],"author":[{"embeddable":true,"href":"https:\/\/aguaslindasnoticias.com.br\/index.php\/wp-json\/wp\/v2\/users\/1"}],"replies":[{"embeddable":true,"href":"https:\/\/aguaslindasnoticias.com.br\/index.php\/wp-json\/wp\/v2\/comments?post=5498"}],"version-history":[{"count":0,"href":"https:\/\/aguaslindasnoticias.com.br\/index.php\/wp-json\/wp\/v2\/posts\/5498\/revisions"}],"wp:attachment":[{"href":"https:\/\/aguaslindasnoticias.com.br\/index.php\/wp-json\/wp\/v2\/media?parent=5498"}],"wp:term":[{"taxonomy":"category","embeddable":true,"href":"https:\/\/aguaslindasnoticias.com.br\/index.php\/wp-json\/wp\/v2\/categories?post=5498"},{"taxonomy":"post_tag","embeddable":true,"href":"https:\/\/aguaslindasnoticias.com.br\/index.php\/wp-json\/wp\/v2\/tags?post=5498"}],"curies":[{"name":"wp","href":"https:\/\/api.w.org\/{rel}","templated":true}]}}