{"id":5496,"date":"2023-01-04T10:13:23","date_gmt":"2023-01-04T13:13:23","guid":{"rendered":"https:\/\/aguaslindasnoticias.com.br\/index.php\/2023\/01\/04\/projeto-acolhe-indigenas-venezuelanos-refugiados-em-sao-sebastiao\/"},"modified":"2023-01-04T10:13:23","modified_gmt":"2023-01-04T13:13:23","slug":"projeto-acolhe-indigenas-venezuelanos-refugiados-em-sao-sebastiao","status":"publish","type":"post","link":"https:\/\/aguaslindasnoticias.com.br\/index.php\/2023\/01\/04\/projeto-acolhe-indigenas-venezuelanos-refugiados-em-sao-sebastiao\/","title":{"rendered":"Projeto acolhe ind\u00edgenas venezuelanos refugiados em S\u00e3o Sebasti\u00e3o"},"content":{"rendered":"\n<figure class=\"wp-block-image size-large\"><img decoding=\"async\" src=\"http:\/\/claricegulyas.com.br\/wp-content\/uploads\/2022\/03\/WhatsApp-Image-2022-03-18-at-16.14.20.jpeg\" alt=\"\" class=\"wp-image-9715\"\/><\/figure>\n\n\n\n<p>Gerido pela Associa\u00e7\u00e3o da Arquidiocese de Bras\u00edlia, a C\u00e1ritas, Projeto Warao, em curso h\u00e1 tr\u00eas meses em Bras\u00edlia, busca acolher e levar acesso aos direitos b\u00e1sicos para refugiados.<\/p>\n\n\n\n<p><br>\u201cO desafio \u00e9 grande; mas, a a\u00e7\u00e3o faz-se necess\u00e1ria para ofertar acolhimento, em condi\u00e7\u00f5es espec\u00edficas, aos ind\u00edgenas que chegaram \u00e0 nossa cidade bem debilitados\u201d. \u00c9 o que narra o diretor da iniciativa, Pe. Carlinhos, ao explicar que, atendendo o pedido do governador, Ibaneis Rocha, a C\u00e1ritas Bras\u00edlia de pronto reverteu \u00e1rea cedida \u00e0 Arquidiocese no N\u00facleo Rural Camp\u00e3o Cumprido, em unidade de atendimento para atender temporariamente os ind\u00edgenas venezuelanos refugiados.<\/p>\n\n\n\n<p>Tratam-se de fam\u00edlias que foram acompanhadas pela Secretaria de Desenvolvimento Social do Distrito Federal (SEDES), por meio das equipes do Servi\u00e7o Especializado em Abordagem Social (SEAS) e do Servi\u00e7o de Prote\u00e7\u00e3o e Atendimento Especializado a Fam\u00edlias e Indiv\u00edduos (PAEFI) do CREAS da Diversidade.<\/p>\n\n\n\n<p>Embora realizadas tentativas de encaminhamento para unidades de acolhimento e de di\u00e1logo, assim como em outros casos de imigrantes, a realidade dos ind\u00edgenas da etnia Warao mostrou-se complexa, visto que h\u00e1 necessidades bem espec\u00edficas. Tais como espa\u00e7o de conv\u00edvio exclusivo para essa comunidade, manuten\u00e7\u00e3o do grupo e atendimento \u00e0s demandas culturais, a fim de que n\u00e3o haja desagrega\u00e7\u00e3o ou separa\u00e7\u00e3o; tamb\u00e9m contato com a terra para ritos e dormit\u00f3rios com redes.<\/p>\n\n\n\n<figure class=\"wp-block-image size-large\"><img decoding=\"async\" src=\"http:\/\/claricegulyas.com.br\/wp-content\/uploads\/2022\/03\/WhatsApp-Image-2022-03-18-at-16.14.18.jpeg\" alt=\"\" class=\"wp-image-9716\"\/><\/figure>\n\n\n\n<p><br><br><strong>BRAS\u00cdLIA NO FLUXO MIGRAT\u00d3RIO<\/strong><\/p>\n\n\n\n<p>O Distrito Federal entrou no fluxo migrat\u00f3rio dessas fam\u00edlias em busca de ref\u00fagio. At\u00e9 agosto de 2021, j\u00e1 foram identificadas 42 delas, com 153 membros ao todo. Desde junho de 2020, por conta da pandemia de Covid-19, houve agravamento da situa\u00e7\u00e3o, que agora \u00e9 emergencial e caso de sa\u00fade p\u00fablica.<\/p>\n\n\n\n<p>A ideia do Projeto Warao, da C\u00e1ritas Bras\u00edlia, \u00e9 garantir a manuten\u00e7\u00e3o das tradi\u00e7\u00f5es culturais e oferecer abrigo, alimenta\u00e7\u00e3o, higiene, documenta\u00e7\u00e3o, escolas e sa\u00fade. Tudo para que os refugiados sejam assistidos at\u00e9 que a integra\u00e7\u00e3o com sociedade local seja poss\u00edvel. Vale destacar que n\u00e3o se trata de mero assistencialismo, mas promo\u00e7\u00e3o das condi\u00e7\u00f5es b\u00e1sicas para que os grupos de imigrantes alcancem autonomia.<\/p>\n\n\n\n<p>\u201cAqui, contamos com equipe multidisciplinar de gest\u00e3o com psic\u00f3logos, psicopedagogas, int\u00e9rpretes, assistentes sociais, pessoal de apoio \u00e0 cozinha e limpeza, entre outros. Tudo para dar o primeiro acolhimento aos que chegam e precisam de apoio para se restabelecerem\u201d, explica o coordenador do projeto, Paulo Henrique de Morais.<\/p>\n\n\n\n<p><strong>ENTIDADE MANTENDO TRABALHO GRA\u00c7AS AOS APOIADORES<\/strong><\/p>\n\n\n\n<p>Para que o projeto funcionasse nos \u00faltimos tr\u00eas meses, o deputado Distrital, Jo\u00e3o Cardoso, destinou emenda parlamentar. A utiliza\u00e7\u00e3o desse recurso \u00e9 acompanhada de perto pelo pr\u00f3prio deputado, que esteve na base de acolhimento no 16 de mar\u00e7o para finalizar a execu\u00e7\u00e3o do projeto.<\/p>\n\n\n\n<p>O deputado aproveitou o ensejo para conversar com os assistidos e gestores. Ele tamb\u00e9m visitou al\u00e9m as instala\u00e7\u00f5es, que est\u00e3o prontas para acolher at\u00e9 156 pessoas, mas, por conta da urg\u00eancia, abriga 191 neste momento.<\/p>\n\n\n\n<p>\u201cPara bem atender os que chegam ao DF, precisamos de sensibilidade para ouvir as hist\u00f3rias de cada um. Porque, antes da grande crise na Venezuela, esses indiv\u00edduos viviam naquele pa\u00eds. Ent\u00e3o, cabe-nos buscar entendimento a respeito da cultura deles e meios de ajud\u00e1-los\u201d, declarou Jo\u00e3o Cardoso. \u201cFicamos gratos com a oportunidade de ajudar. Mas tamb\u00e9m sensibilizados com a realidade de tanta gente, que sofre quando o ego\u00edsmo e a pol\u00edtica est\u00e3o aliados. Isso, infelizmente, acontece num pa\u00eds vizinho ao nosso\u201d.<\/p>\n\n\n\n<p>O parlamentar terminou falando que nova emenda ser\u00e1 encaminhada para a continuidade do projeto e que convidar\u00e1 outros distritais para conhec\u00ea-lo, a fim de que esses tamb\u00e9m possam colaborar.<\/p>\n\n\n\n<p><strong>PROJETO PIONEIRO NO DF<\/strong><\/p>\n\n\n\n<p>O atendimento socioassistencial ao povo Warao \u00e9 in\u00e9dito no Distrito Federal. Ele apresenta novas demandas, que precisam ser resolvidas pelo poder p\u00fablico e pela sociedade civil organizada por meio de pol\u00edticas p\u00fablicas para garantir emprego, moradia, sa\u00fade, seguran\u00e7a e educa\u00e7\u00e3o para grupos de imigrantes.<\/p>\n\n\n\n<p>O projeto foi iniciado em dezembro de 2021 nas instala\u00e7\u00f5es do Centro Para o Bem Viver &#8211; Raios de Luz, da C\u00e1ritas Arquidiocesana de Bras\u00edlia, situado na Regi\u00e3o Administrativa de S\u00e3o Sebasti\u00e3o (DF).<\/p>\n\n\n\n<p>Interessados em colaborar com a iniciativa da Caritas Bras\u00edlia ou obter mais informa\u00e7\u00f5es podem entrar em contato por meio do telefone +55 (61) 3521-0350 ou e-mail caritas@caritas.org.br<\/p>\n","protected":false},"excerpt":{"rendered":"<p>Gerido pela Associa\u00e7\u00e3o da Arquidiocese de Bras\u00edlia, a C\u00e1ritas, Projeto Warao, em curso h\u00e1 tr\u00eas meses em Bras\u00edlia, busca acolher e levar acesso aos direitos b\u00e1sicos para refugiados. \u201cO desafio \u00e9 grande; mas, a a\u00e7\u00e3o faz-se necess\u00e1ria para ofertar acolhimento, em condi\u00e7\u00f5es espec\u00edficas, aos ind\u00edgenas que chegaram \u00e0 nossa cidade bem debilitados\u201d. \u00c9 o que [&hellip;]<\/p>\n","protected":false},"author":1,"featured_media":0,"comment_status":"open","ping_status":"open","sticky":false,"template":"","format":"standard","meta":{"footnotes":""},"categories":[],"tags":[],"class_list":["post-5496","post","type-post","status-publish","format-standard","hentry"],"_links":{"self":[{"href":"https:\/\/aguaslindasnoticias.com.br\/index.php\/wp-json\/wp\/v2\/posts\/5496","targetHints":{"allow":["GET"]}}],"collection":[{"href":"https:\/\/aguaslindasnoticias.com.br\/index.php\/wp-json\/wp\/v2\/posts"}],"about":[{"href":"https:\/\/aguaslindasnoticias.com.br\/index.php\/wp-json\/wp\/v2\/types\/post"}],"author":[{"embeddable":true,"href":"https:\/\/aguaslindasnoticias.com.br\/index.php\/wp-json\/wp\/v2\/users\/1"}],"replies":[{"embeddable":true,"href":"https:\/\/aguaslindasnoticias.com.br\/index.php\/wp-json\/wp\/v2\/comments?post=5496"}],"version-history":[{"count":0,"href":"https:\/\/aguaslindasnoticias.com.br\/index.php\/wp-json\/wp\/v2\/posts\/5496\/revisions"}],"wp:attachment":[{"href":"https:\/\/aguaslindasnoticias.com.br\/index.php\/wp-json\/wp\/v2\/media?parent=5496"}],"wp:term":[{"taxonomy":"category","embeddable":true,"href":"https:\/\/aguaslindasnoticias.com.br\/index.php\/wp-json\/wp\/v2\/categories?post=5496"},{"taxonomy":"post_tag","embeddable":true,"href":"https:\/\/aguaslindasnoticias.com.br\/index.php\/wp-json\/wp\/v2\/tags?post=5496"}],"curies":[{"name":"wp","href":"https:\/\/api.w.org\/{rel}","templated":true}]}}