{"id":5495,"date":"2023-01-04T10:13:23","date_gmt":"2023-01-04T13:13:23","guid":{"rendered":"https:\/\/aguaslindasnoticias.com.br\/index.php\/2023\/01\/04\/cldf-homenageia-movimento-maes-que-oram-pelos-filhos\/"},"modified":"2023-01-04T10:13:23","modified_gmt":"2023-01-04T13:13:23","slug":"cldf-homenageia-movimento-maes-que-oram-pelos-filhos","status":"publish","type":"post","link":"https:\/\/aguaslindasnoticias.com.br\/index.php\/2023\/01\/04\/cldf-homenageia-movimento-maes-que-oram-pelos-filhos\/","title":{"rendered":"CLDF homenageia movimento M\u00e3es que Oram pelos Filhos"},"content":{"rendered":"\n<p>Foto: Silvio Abdon\/CLDF<\/p>\n\n\n\n<figure class=\"wp-block-image\"><img decoding=\"async\" src=\"https:\/\/www.cl.df.gov.br\/documents\/10162\/25642323\/2211223SA+%2811%29.jpg\/07fe3ed6-2e38-f55c-f4bc-fb0819866d4e?t=1647530949100\" alt=\"Hoje, existem 578 grupos no Brasil, onze no exterior, al\u00e9m da atua\u00e7\u00e3o em escolas e hospitais\"\/><\/figure>\n\n\n\n<p>Hoje, existem 578 grupos no Brasil, onze no exterior, al\u00e9m da atua\u00e7\u00e3o em escolas e hospitais<\/p>\n\n\n\n<p>A CLDF homenageou o movimento M\u00e3es que Oram pelos Filhos em sess\u00e3o solene na manh\u00e3 desta quinta-feira (17) no audit\u00f3rio da Casa. O autor da iniciativa, deputado&nbsp;<a href=\"https:\/\/www.cl.df.gov.br\/web\/guest\/joao-cardoso-2019-2022\">Jo\u00e3o Cardoso<\/a>&nbsp;(Avante), destacou a import\u00e2ncia da igreja, segmento que \u201cleva \u00e0 evangeliza\u00e7\u00e3o, \u00e0 convers\u00e3o e \u00e0 salva\u00e7\u00e3o\u201d.&nbsp;<\/p>\n\n\n\n<p>O parlamentar lembrou que o movimento cat\u00f3lico surgiu em 2011 diante da necessidade de m\u00e3es de interceder em favor dos filhos. Inicialmente, abarcava cerca de vinte m\u00e3es que se&nbsp;reuniam uma vez por semana. Hoje, existem 578 grupos no Brasil, onze no exterior, al\u00e9m da atua\u00e7\u00e3o em escolas e hospitais. Cardoso relatou sua hist\u00f3ria familiar, atrelada \u00e0 f\u00e9, que tamb\u00e9m se manifesta em celebra\u00e7\u00f5es religiosas dom\u00e9sticas com os filhos. \u201cAs m\u00e3es s\u00e3o coparticipantes da cria\u00e7\u00e3o dos filhos junto com Deus\u201d, disse.<\/p>\n\n\n\n<p>Uma das fundadoras do movimento no DF, Jacilda Oliveira, observou que a inten\u00e7\u00e3o do grupo \u00e9 que cada m\u00e3e seja catequizada e se aproxime de Deus e da espiritualidade e, desse modo, se transforme em luz em seus lares. Em complemento, a coordenadora dos novos grupos em Bras\u00edlia, M\u00e1rcia Paula Silv\u00e9ria, e a coordenadora do movimento no DF, Lilian N\u00fabia Issa, explanaram sobre a atua\u00e7\u00e3o e a metodologia do movimento. &nbsp;\u201cSomos um ex\u00e9rcito de m\u00e3es que oram e nos reunimos semanalmente para rezarmos os ter\u00e7os\u201d, descreveu Issa, ao salientar que obedi\u00eancia, humildade e uni\u00e3o s\u00e3o os trip\u00e9s do segmento.<\/p>\n\n\n\n<p><strong>Poder da ora\u00e7\u00e3o<\/strong><\/p>\n\n\n\n<p>Diversos paroquianos narraram suas experi\u00eancias, como Lilian Maria Leal. \u201cN\u00f3s, m\u00e3es, enfrentamos muitas prova\u00e7\u00f5es, ainda mais nesses tempos, mas somos capazes de suportar, assim como Maria, nossas pr\u00f3prias cruzes em esp\u00edrito de ora\u00e7\u00e3o\u201d, declarou. Para Claudionice Cust\u00f3dia, a pr\u00e1tica leva \u00e0 restaura\u00e7\u00e3o das fam\u00edlias por meio da ora\u00e7\u00e3o.<\/p>\n\n\n\n<p>Semanalmente, s\u00e3o rezados ter\u00e7os que \u201ccuram os cora\u00e7\u00f5es e as feridas\u201d, refor\u00e7ou. A rotina de ora\u00e7\u00f5es foi enfatizada pela evangelizadora Brenda Rosa, ao acrescentar que as m\u00e3es integrantes do movimento buscam edifica\u00e7\u00f5es tamb\u00e9m nos ambientes sociais, no prop\u00f3sito que re\u00fane realidades materiais e espirituais.&nbsp;<\/p>\n\n\n\n<p>O poder da ora\u00e7\u00e3o foi exaltado pelos padres Roger Ara\u00fajo e Paulo Renato, que lembrou a hist\u00f3ria da padroeira do movimento, Nossa Senhora de La Salete. Durante a solenidade, transmitida ao vivo pela TV Legislativa (canal 9.3) e&nbsp;<a href=\"https:\/\/www.youtube.com\/watch?v=CB2cYB1hgjo&amp;list=PLgjufDVoPk_NJlqfd9x5KyI80FcsTb1eW&amp;index=1\">YouTube<\/a>, foram entoadas can\u00e7\u00f5es religiosas e&nbsp;entregues mo\u00e7\u00f5es de louvor a integrantes do movimento no DF.<\/p>\n\n\n\n<p>Leia Mais: Movimento&nbsp;<a href=\"https:\/\/www.maesqueorampelosfilhos.com\/\">M\u00e3es que Oram pelos Filhos<\/a><\/p>\n","protected":false},"excerpt":{"rendered":"<p>Foto: Silvio Abdon\/CLDF Hoje, existem 578 grupos no Brasil, onze no exterior, al\u00e9m da atua\u00e7\u00e3o em escolas e hospitais A CLDF homenageou o movimento M\u00e3es que Oram pelos Filhos em sess\u00e3o solene na manh\u00e3 desta quinta-feira (17) no audit\u00f3rio da Casa. O autor da iniciativa, deputado&nbsp;Jo\u00e3o Cardoso&nbsp;(Avante), destacou a import\u00e2ncia da igreja, segmento que \u201cleva [&hellip;]<\/p>\n","protected":false},"author":1,"featured_media":0,"comment_status":"open","ping_status":"open","sticky":false,"template":"","format":"standard","meta":{"footnotes":""},"categories":[],"tags":[],"class_list":["post-5495","post","type-post","status-publish","format-standard","hentry"],"_links":{"self":[{"href":"https:\/\/aguaslindasnoticias.com.br\/index.php\/wp-json\/wp\/v2\/posts\/5495","targetHints":{"allow":["GET"]}}],"collection":[{"href":"https:\/\/aguaslindasnoticias.com.br\/index.php\/wp-json\/wp\/v2\/posts"}],"about":[{"href":"https:\/\/aguaslindasnoticias.com.br\/index.php\/wp-json\/wp\/v2\/types\/post"}],"author":[{"embeddable":true,"href":"https:\/\/aguaslindasnoticias.com.br\/index.php\/wp-json\/wp\/v2\/users\/1"}],"replies":[{"embeddable":true,"href":"https:\/\/aguaslindasnoticias.com.br\/index.php\/wp-json\/wp\/v2\/comments?post=5495"}],"version-history":[{"count":0,"href":"https:\/\/aguaslindasnoticias.com.br\/index.php\/wp-json\/wp\/v2\/posts\/5495\/revisions"}],"wp:attachment":[{"href":"https:\/\/aguaslindasnoticias.com.br\/index.php\/wp-json\/wp\/v2\/media?parent=5495"}],"wp:term":[{"taxonomy":"category","embeddable":true,"href":"https:\/\/aguaslindasnoticias.com.br\/index.php\/wp-json\/wp\/v2\/categories?post=5495"},{"taxonomy":"post_tag","embeddable":true,"href":"https:\/\/aguaslindasnoticias.com.br\/index.php\/wp-json\/wp\/v2\/tags?post=5495"}],"curies":[{"name":"wp","href":"https:\/\/api.w.org\/{rel}","templated":true}]}}