{"id":5494,"date":"2023-01-04T10:13:23","date_gmt":"2023-01-04T13:13:23","guid":{"rendered":"https:\/\/aguaslindasnoticias.com.br\/index.php\/2023\/01\/04\/camara-aprova-reformulacao-de-carreira-dos-servidores-do-slu\/"},"modified":"2023-01-04T10:13:23","modified_gmt":"2023-01-04T13:13:23","slug":"camara-aprova-reformulacao-de-carreira-dos-servidores-do-slu","status":"publish","type":"post","link":"https:\/\/aguaslindasnoticias.com.br\/index.php\/2023\/01\/04\/camara-aprova-reformulacao-de-carreira-dos-servidores-do-slu\/","title":{"rendered":"C\u00e2mara aprova reformula\u00e7\u00e3o de carreira dos servidores do SLU"},"content":{"rendered":"\n<p>Foto: Carlos Gandra\/CLDF<\/p>\n\n\n\n<figure class=\"wp-block-image\"><img decoding=\"async\" src=\"https:\/\/www.cl.df.gov.br\/documents\/10162\/25636932\/2211221CG+%28213%29.jpg\/34eae3b0-98d0-9fe6-56dd-aa2fb5516e66?t=1647377275597\" alt=\"Servidores do SLU comemoraram a aprova\u00e7\u00e3o nas galerias do Plen\u00e1rio.\"\/><\/figure>\n\n\n\n<p>Servidores do SLU comemoraram a aprova\u00e7\u00e3o nas galerias do Plen\u00e1rio.<\/p>\n\n\n\n<p>Em sess\u00e3o ordin\u00e1ria na tarde desta ter\u00e7a-feira (15), a C\u00e2mara Legislativa do Distrito Federal aprovou o projeto de lei n\u00ba 2.560\/2022, do Executivo, que reformula a carreira dos servidores do Servi\u00e7o de Limpeza Urbana (SLU). A proposta aprovada extingue a carreira de Gest\u00e3o de Res\u00edduos S\u00f3lidos e transfere os seus atuais integrantes para a carreira Pol\u00edticas P\u00fablicas e Gest\u00e3o Governamental do Distrito Federal.&nbsp;<\/p>\n\n\n\n<p>O texto foi aprovado em dois turnos e reda\u00e7\u00e3o final, com 16 votos favor\u00e1veis e a absten\u00e7\u00e3o do deputado Reginaldo Sardinha (sem partido), e segue agora \u00e0 san\u00e7\u00e3o do governador Ibaneis Rocha. Servidores do SLU comemoraram a aprova\u00e7\u00e3o nas galerias do Plen\u00e1rio.<\/p>\n\n\n\n<p>De acordo com o projeto, os servidores ser\u00e3o reenquadrados da seguinte forma:<\/p>\n\n\n\n<p>I &#8211; de Gestor de Res\u00edduos S\u00f3lidos para Gestor em Pol\u00edticas P\u00fablicas e Gest\u00e3o Governamental;&nbsp;<br>II &#8211; de Analista de Res\u00edduos S\u00f3lidos para Analista em Pol\u00edticas P\u00fablicas e Gest\u00e3o Governamental;&nbsp;<br>III &#8211; de T\u00e9cnico de Res\u00edduos S\u00f3lidos para T\u00e9cnico em Pol\u00edticas P\u00fablicas e Gest\u00e3o Governamental.&nbsp;<\/p>\n\n\n\n<p>Pela proposta, os crit\u00e9rios para concess\u00e3o de gratifica\u00e7\u00f5es, adicionais e apura\u00e7\u00e3o de m\u00e9rito para promo\u00e7\u00e3o dos servidores dever\u00e3o obedecer \u00e0s normas da nova carreira. Al\u00e9m disso, o texto prev\u00ea que os servidores devem permanecer lotados e em efetivo exerc\u00edcio no SLU ou cedidos para os diversos \u00f3rg\u00e3os da administra\u00e7\u00e3o p\u00fablica, por um per\u00edodo m\u00ednimo de dezoito meses, contados a partir da vig\u00eancia da Lei.&nbsp;<\/p>\n\n\n\n<p>Na justificativa do projeto, o governo argumenta que \u201ca similitude de atribui\u00e7\u00f5es e habilita\u00e7\u00f5es profissionais foi considerada relevante pela pr\u00f3pria Constitui\u00e7\u00e3o da Rep\u00fablica para a fixa\u00e7\u00e3o dos padr\u00f5es de vencimento e dos demais componentes do sistema remunerat\u00f3rio, elemento essencial na estrutura\u00e7\u00e3o de qualquer carreira\u201d.<\/p>\n\n\n\n<p><strong>Lu\u00eds Cl\u00e1udio Alves &#8211; Ag\u00eancia CLDF<\/strong><\/p>\n","protected":false},"excerpt":{"rendered":"<p>Foto: Carlos Gandra\/CLDF Servidores do SLU comemoraram a aprova\u00e7\u00e3o nas galerias do Plen\u00e1rio. Em sess\u00e3o ordin\u00e1ria na tarde desta ter\u00e7a-feira (15), a C\u00e2mara Legislativa do Distrito Federal aprovou o projeto de lei n\u00ba 2.560\/2022, do Executivo, que reformula a carreira dos servidores do Servi\u00e7o de Limpeza Urbana (SLU). A proposta aprovada extingue a carreira de [&hellip;]<\/p>\n","protected":false},"author":1,"featured_media":0,"comment_status":"open","ping_status":"open","sticky":false,"template":"","format":"standard","meta":{"footnotes":""},"categories":[],"tags":[],"class_list":["post-5494","post","type-post","status-publish","format-standard","hentry"],"_links":{"self":[{"href":"https:\/\/aguaslindasnoticias.com.br\/index.php\/wp-json\/wp\/v2\/posts\/5494","targetHints":{"allow":["GET"]}}],"collection":[{"href":"https:\/\/aguaslindasnoticias.com.br\/index.php\/wp-json\/wp\/v2\/posts"}],"about":[{"href":"https:\/\/aguaslindasnoticias.com.br\/index.php\/wp-json\/wp\/v2\/types\/post"}],"author":[{"embeddable":true,"href":"https:\/\/aguaslindasnoticias.com.br\/index.php\/wp-json\/wp\/v2\/users\/1"}],"replies":[{"embeddable":true,"href":"https:\/\/aguaslindasnoticias.com.br\/index.php\/wp-json\/wp\/v2\/comments?post=5494"}],"version-history":[{"count":0,"href":"https:\/\/aguaslindasnoticias.com.br\/index.php\/wp-json\/wp\/v2\/posts\/5494\/revisions"}],"wp:attachment":[{"href":"https:\/\/aguaslindasnoticias.com.br\/index.php\/wp-json\/wp\/v2\/media?parent=5494"}],"wp:term":[{"taxonomy":"category","embeddable":true,"href":"https:\/\/aguaslindasnoticias.com.br\/index.php\/wp-json\/wp\/v2\/categories?post=5494"},{"taxonomy":"post_tag","embeddable":true,"href":"https:\/\/aguaslindasnoticias.com.br\/index.php\/wp-json\/wp\/v2\/tags?post=5494"}],"curies":[{"name":"wp","href":"https:\/\/api.w.org\/{rel}","templated":true}]}}