{"id":5493,"date":"2023-01-04T10:13:23","date_gmt":"2023-01-04T13:13:23","guid":{"rendered":"https:\/\/aguaslindasnoticias.com.br\/index.php\/2023\/01\/04\/grass-e-veras-dirigem-criticas-ao-governo\/"},"modified":"2023-01-04T10:13:23","modified_gmt":"2023-01-04T13:13:23","slug":"grass-e-veras-dirigem-criticas-ao-governo","status":"publish","type":"post","link":"https:\/\/aguaslindasnoticias.com.br\/index.php\/2023\/01\/04\/grass-e-veras-dirigem-criticas-ao-governo\/","title":{"rendered":"Grass e Veras dirigem cr\u00edticas ao governo"},"content":{"rendered":"\n<p>Foto: Divulga\u00e7\u00e3o\/CLDF<\/p>\n\n\n\n<figure class=\"wp-block-image\"><img decoding=\"async\" src=\"https:\/\/www.cl.df.gov.br\/documents\/10162\/25636932\/duplinha2.jpg\/bc6ec6af-f594-7090-dc5d-a0a041a1a4ef?t=1647378028584\" alt=\"Cr\u00edticas focaram em situa\u00e7\u00f5es ocorridas nas regi\u00f5es de Vicente Pires, S\u00e3o Sebasti\u00e3o e Ceil\u00e2ndia\"\/><\/figure>\n\n\n\n<p>Cr\u00edticas focaram em situa\u00e7\u00f5es ocorridas nas regi\u00f5es de Vicente Pires, S\u00e3o Sebasti\u00e3o e Ceil\u00e2ndia<\/p>\n\n\n\n<p>Problemas em v\u00e1rias regi\u00f5es administrativas do Distrito Federal foram destacados em pronunciamentos feitos durante a sess\u00e3o ordin\u00e1ria da C\u00e2mara Legislativa nesta ter\u00e7a-feira (15). O deputado Leandro Grass (PV) lamentou a situa\u00e7\u00e3o de Vicente Pires ap\u00f3s as fortes chuvas do final de semana. \u201cO governador tem exaltado as obras na regi\u00e3o, mas deve ser obra de areia, obra de papel, para ter aquela enchente e \u00e1gua jorrando para dentro das casas\u201d, criticou. O parlamentar informou ter encaminhado pedido de informa\u00e7\u00e3o para saber quanto foi gasto e como o foi.&nbsp;<\/p>\n\n\n\n<p>Grass tamb\u00e9m reclamou do abandono de S\u00e3o Sebasti\u00e3o: \u201cN\u00e3o recebeu nenhuma obra, nenhum equipamento p\u00fablico. At\u00e9 hoje n\u00e3o tem um hospital\u201d. Ele criticou, ainda, o funcionamento do transporte p\u00fablico na localidade. \u201cO que vemos \u00e9 mais do mesmo: neglig\u00eancia, abandono e m\u00e1 gest\u00e3o\u201d, disparou.<\/p>\n\n\n\n<p>O deputado Professor Reginaldo Veras (PDT), por sua vez, concentrou as cr\u00edticas na situa\u00e7\u00e3o de Ceil\u00e2ndia. Ele relatou falas de moradores da RA que dizem que a cidade est\u00e1 abandonada. \u201cA regi\u00e3o est\u00e1 tomada por buracos, inunda\u00e7\u00f5es e sujeira. O GDF est\u00e1 omisso com a cidade mais populosa do DF\u201d, disse. E continuou: &nbsp;\u201cOnde est\u00e1 o governador que n\u00e3o v\u00ea a situa\u00e7\u00e3o? Ceil\u00e2ndia est\u00e1 de olho, e a resposta vir\u00e1 na elei\u00e7\u00e3o\u201d.&nbsp;<\/p>\n\n\n\n<p><strong>Denise Caputo &#8211; Ag\u00eancia CLDF<\/strong><\/p>\n","protected":false},"excerpt":{"rendered":"<p>Foto: Divulga\u00e7\u00e3o\/CLDF Cr\u00edticas focaram em situa\u00e7\u00f5es ocorridas nas regi\u00f5es de Vicente Pires, S\u00e3o Sebasti\u00e3o e Ceil\u00e2ndia Problemas em v\u00e1rias regi\u00f5es administrativas do Distrito Federal foram destacados em pronunciamentos feitos durante a sess\u00e3o ordin\u00e1ria da C\u00e2mara Legislativa nesta ter\u00e7a-feira (15). O deputado Leandro Grass (PV) lamentou a situa\u00e7\u00e3o de Vicente Pires ap\u00f3s as fortes chuvas do [&hellip;]<\/p>\n","protected":false},"author":1,"featured_media":0,"comment_status":"open","ping_status":"open","sticky":false,"template":"","format":"standard","meta":{"footnotes":""},"categories":[],"tags":[],"class_list":["post-5493","post","type-post","status-publish","format-standard","hentry"],"_links":{"self":[{"href":"https:\/\/aguaslindasnoticias.com.br\/index.php\/wp-json\/wp\/v2\/posts\/5493","targetHints":{"allow":["GET"]}}],"collection":[{"href":"https:\/\/aguaslindasnoticias.com.br\/index.php\/wp-json\/wp\/v2\/posts"}],"about":[{"href":"https:\/\/aguaslindasnoticias.com.br\/index.php\/wp-json\/wp\/v2\/types\/post"}],"author":[{"embeddable":true,"href":"https:\/\/aguaslindasnoticias.com.br\/index.php\/wp-json\/wp\/v2\/users\/1"}],"replies":[{"embeddable":true,"href":"https:\/\/aguaslindasnoticias.com.br\/index.php\/wp-json\/wp\/v2\/comments?post=5493"}],"version-history":[{"count":0,"href":"https:\/\/aguaslindasnoticias.com.br\/index.php\/wp-json\/wp\/v2\/posts\/5493\/revisions"}],"wp:attachment":[{"href":"https:\/\/aguaslindasnoticias.com.br\/index.php\/wp-json\/wp\/v2\/media?parent=5493"}],"wp:term":[{"taxonomy":"category","embeddable":true,"href":"https:\/\/aguaslindasnoticias.com.br\/index.php\/wp-json\/wp\/v2\/categories?post=5493"},{"taxonomy":"post_tag","embeddable":true,"href":"https:\/\/aguaslindasnoticias.com.br\/index.php\/wp-json\/wp\/v2\/tags?post=5493"}],"curies":[{"name":"wp","href":"https:\/\/api.w.org\/{rel}","templated":true}]}}