{"id":5490,"date":"2023-01-04T10:13:23","date_gmt":"2023-01-04T13:13:23","guid":{"rendered":"https:\/\/aguaslindasnoticias.com.br\/index.php\/2023\/01\/04\/com-emenda-de-r-125-mi-do-deputado-luis-miranda-renovadf-lanca-5o-ciclo\/"},"modified":"2023-01-04T10:13:23","modified_gmt":"2023-01-04T13:13:23","slug":"com-emenda-de-r-125-mi-do-deputado-luis-miranda-renovadf-lanca-5o-ciclo","status":"publish","type":"post","link":"https:\/\/aguaslindasnoticias.com.br\/index.php\/2023\/01\/04\/com-emenda-de-r-125-mi-do-deputado-luis-miranda-renovadf-lanca-5o-ciclo\/","title":{"rendered":"Com emenda de R$ 12,5 mi do deputado Lu\u00eds Miranda, RenovaDF lan\u00e7a 5\u00ba ciclo"},"content":{"rendered":"\n<p>O programa Renova-DF chegou ao 5\u00ba ciclo nesta quarta-feira (16\/03). Seu lan\u00e7amento aconteceu pela manh\u00e3, no Pavilh\u00e3o do Parque da Cidade.<\/p>\n\n\n\n<p>O programa teve o apoio do Deputado Lu\u00eds Miranda, que, sozinho, destinou emenda de R$ 12,5 milh\u00f5es para a efetiva\u00e7\u00e3o das atividades.<\/p>\n\n\n\n<p>\u201cO desemprego \u00e9, sem d\u00favida, um dos maiores problemas que vivemos atualmente. Investir na forma\u00e7\u00e3o profissional para que essas pessoas alcancem vagas com melhor qualifica\u00e7\u00e3o e que possam ser inseridos no mercado de trabalho \u00e9 fundamental. \u00c9 dever de todos que est\u00e3o na vida p\u00fablica direcionar os esfor\u00e7os para esse tipo de a\u00e7\u00e3o, que \u00e9 a forma\u00e7\u00e3o de profissionais e a qualifica\u00e7\u00e3o dessas pessoas para o mercado\u201d, ressaltou o deputado Lu\u00eds Miranda.<\/p>\n\n\n\n<p>O Renova-DF oferece cursos pr\u00e1ticos de qualifica\u00e7\u00e3o social e profissional nas \u00e1reas de constru\u00e7\u00e3o civil e jardinagem e \u00e9 ministrado pelo Senai. Os alunos estudam quatro horas por dia, de segunda-feira a sexta-feira, e t\u00eam direito a benef\u00edcios como aux\u00edlio pecuni\u00e1rio no valor equivalente a 1 sal\u00e1rio m\u00ednimo mensal; vale transporte e seguro contra acidentes pessoais. Para a nova etapa, mais de duas mil fam\u00edlias ser\u00e3o atendidas.<\/p>\n\n\n\n<figure class=\"wp-block-image\"><img decoding=\"async\" src=\"https:\/\/blogdocafezinho.com.br\/wp-content\/uploads\/2022\/03\/WhatsApp-Image-2022-03-16-at-16.15.36.jpeg\" alt=\"\"\/><\/figure>\n\n\n\n<p>O secret\u00e1rio do Trabalho, Thales Mendes, lembra que, ap\u00f3s o t\u00e9rmino do programa, os alunos receber\u00e3o indica\u00e7\u00f5es para novas vagas de emprego: \u201cQuando esses alunos se formarem, eles v\u00e3o receber indica\u00e7\u00f5es para vagas de emprego que v\u00eam surgindo no mercado de trabalho, especialmente na \u00e1rea da constru\u00e7\u00e3o civil\u201d.<\/p>\n\n\n\n<p><strong>Recuperando os espa\u00e7os p\u00fablicos<\/strong><\/p>\n\n\n\n<p>Enquanto se qualificam, os aprendizes recuperam os espa\u00e7os p\u00fablicos de Bras\u00edlia.<\/p>\n\n\n\n<p>Nove regi\u00f5es administrativas j\u00e1 foram contempladas pelos trabalhos de manuten\u00e7\u00e3o feito pelos alunos do RENOVADF: Ceil\u00e2ndia, Samambaia, Guar\u00e1, Riacho Fundo, Estrutural, \u00c1guas Claras, S\u00e3o Sebasti\u00e3o, Arniqueira e Plano Piloto.<\/p>\n","protected":false},"excerpt":{"rendered":"<p>O programa Renova-DF chegou ao 5\u00ba ciclo nesta quarta-feira (16\/03). Seu lan\u00e7amento aconteceu pela manh\u00e3, no Pavilh\u00e3o do Parque da Cidade. O programa teve o apoio do Deputado Lu\u00eds Miranda, que, sozinho, destinou emenda de R$ 12,5 milh\u00f5es para a efetiva\u00e7\u00e3o das atividades. \u201cO desemprego \u00e9, sem d\u00favida, um dos maiores problemas que vivemos atualmente. [&hellip;]<\/p>\n","protected":false},"author":1,"featured_media":0,"comment_status":"open","ping_status":"open","sticky":false,"template":"","format":"standard","meta":{"footnotes":""},"categories":[],"tags":[],"class_list":["post-5490","post","type-post","status-publish","format-standard","hentry"],"_links":{"self":[{"href":"https:\/\/aguaslindasnoticias.com.br\/index.php\/wp-json\/wp\/v2\/posts\/5490","targetHints":{"allow":["GET"]}}],"collection":[{"href":"https:\/\/aguaslindasnoticias.com.br\/index.php\/wp-json\/wp\/v2\/posts"}],"about":[{"href":"https:\/\/aguaslindasnoticias.com.br\/index.php\/wp-json\/wp\/v2\/types\/post"}],"author":[{"embeddable":true,"href":"https:\/\/aguaslindasnoticias.com.br\/index.php\/wp-json\/wp\/v2\/users\/1"}],"replies":[{"embeddable":true,"href":"https:\/\/aguaslindasnoticias.com.br\/index.php\/wp-json\/wp\/v2\/comments?post=5490"}],"version-history":[{"count":0,"href":"https:\/\/aguaslindasnoticias.com.br\/index.php\/wp-json\/wp\/v2\/posts\/5490\/revisions"}],"wp:attachment":[{"href":"https:\/\/aguaslindasnoticias.com.br\/index.php\/wp-json\/wp\/v2\/media?parent=5490"}],"wp:term":[{"taxonomy":"category","embeddable":true,"href":"https:\/\/aguaslindasnoticias.com.br\/index.php\/wp-json\/wp\/v2\/categories?post=5490"},{"taxonomy":"post_tag","embeddable":true,"href":"https:\/\/aguaslindasnoticias.com.br\/index.php\/wp-json\/wp\/v2\/tags?post=5490"}],"curies":[{"name":"wp","href":"https:\/\/api.w.org\/{rel}","templated":true}]}}