{"id":5488,"date":"2023-01-04T10:13:23","date_gmt":"2023-01-04T13:13:23","guid":{"rendered":"https:\/\/aguaslindasnoticias.com.br\/index.php\/2023\/01\/04\/nova-rota-de-onibus-facilitara-ligacao-entre-arniqueira-e-metro\/"},"modified":"2023-01-04T10:13:23","modified_gmt":"2023-01-04T13:13:23","slug":"nova-rota-de-onibus-facilitara-ligacao-entre-arniqueira-e-metro","status":"publish","type":"post","link":"https:\/\/aguaslindasnoticias.com.br\/index.php\/2023\/01\/04\/nova-rota-de-onibus-facilitara-ligacao-entre-arniqueira-e-metro\/","title":{"rendered":"Nova rota de \u00f4nibus facilitar\u00e1 liga\u00e7\u00e3o entre Arniqueira e Metr\u00f4"},"content":{"rendered":"\n<p>A partir de segunda-feira (7), a linha de \u00f4nibus 959.2, que faz o percurso circular entre o Terminal de Taguatinga Sul e Arniqueira, ter\u00e1 a rota ampliada. O objetivo \u00e9 que os ve\u00edculos da linha sigam at\u00e9 a esta\u00e7\u00e3o do metr\u00f4 mais pr\u00f3xima para que a integra\u00e7\u00e3o com o Plano Piloto e com as outras regi\u00f5es da cidade sejam facilitadas.<\/p>\n\n\n\n<p>O subsecret\u00e1rio de Opera\u00e7\u00f5es da Secretaria de Transporte e Mobilidade (Semob), M\u00e1rcio Ant\u00f4nio de Jesus, explica que recebeu solicita\u00e7\u00f5es da Administra\u00e7\u00e3o Regional de Arniqueira para que a rota fosse modificada e, assim, beneficiasse um maior n\u00famero de passageiros. \u201cA altera\u00e7\u00e3o ser\u00e1 no Pist\u00e3o\u201d, explica. \u201cEm vez de os \u00f4nibus acessarem o primeiro retorno e entrarem para o terminal, pegar\u00e3o o retorno mais \u00e0 frente, que d\u00e1 acesso \u00e0 esta\u00e7\u00e3o do metr\u00f4 de Taguatinga Sul\u201d.<\/p>\n\n\n\n<p><strong>Leia tamb\u00e9m<\/strong><a href=\"https:\/\/agenciabrasilia.df.gov.br\/2022\/02\/24\/nova-linha-de-onibus-fara-ligacao-entre-o-gama-e-santa-maria\/\"><strong>Nova linha de \u00f4nibus far\u00e1 liga\u00e7\u00e3o entre o Gama e Santa Maria<\/strong><\/a><a href=\"https:\/\/agenciabrasilia.df.gov.br\/2022\/02\/18\/r-passageiros-do-paranoa-parque-ganham-nova-linha-de-onibus\/\"><strong>Passageiros do Parano\u00e1 Parque ganham nova linha de \u00f4nibus<\/strong><\/a><\/p>\n\n\n\n<p>A linha continuar\u00e1 a operar de segunda a sexta-feira, com 19 viagens di\u00e1rias. A tarifa \u00e9 de R$ 2,70, e a empresa operadora \u00e9 a Marechal. As informa\u00e7\u00f5es completas estar\u00e3o dispon\u00edveis&nbsp; no site&nbsp;<a href=\"https:\/\/dfnoponto.semob.df.gov.br\/\">DF no Ponto&nbsp;<\/a>a partir de segunda-feira (7).<\/p>\n\n\n\n<p><strong>Altera\u00e7\u00e3o de itiner\u00e1rio da linha 959.2<\/strong><br>* Rota: Taguatinga Sul\/esta\u00e7\u00e3o do metr\u00f4 de Taguatinga Sul\/Arniqueira<br>* Viagens: 19 di\u00e1rias , de segunda a sexta-feira<br>* Tarifa: R$ 2,70<\/p>\n\n\n\n<figure class=\"wp-block-image\"><img decoding=\"async\" src=\"http:\/\/agenciabrasilia.df.gov.br\/wp-conteudo\/uploads\/2022\/03\/4.3.-Nova-rota-de-onibus-entre-Arniqueira-e-Metro.jpeg\" alt=\"\" class=\"wp-image-382742\"\/><figcaption>Arte: Semob<\/figcaption><\/figure>\n\n\n\n<p>*<em>Com informa\u00e7\u00f5es da Secretaria de Transporte e Mobilidade&nbsp;<\/em><\/p>\n\n\n\n<p><strong>Ag\u00eancia Bras\u00edlia* | Edi\u00e7\u00e3o: Chico Neto<\/strong><\/p>\n","protected":false},"excerpt":{"rendered":"<p>A partir de segunda-feira (7), a linha de \u00f4nibus 959.2, que faz o percurso circular entre o Terminal de Taguatinga Sul e Arniqueira, ter\u00e1 a rota ampliada. O objetivo \u00e9 que os ve\u00edculos da linha sigam at\u00e9 a esta\u00e7\u00e3o do metr\u00f4 mais pr\u00f3xima para que a integra\u00e7\u00e3o com o Plano Piloto e com as outras [&hellip;]<\/p>\n","protected":false},"author":1,"featured_media":0,"comment_status":"open","ping_status":"open","sticky":false,"template":"","format":"standard","meta":{"footnotes":""},"categories":[],"tags":[],"class_list":["post-5488","post","type-post","status-publish","format-standard","hentry"],"_links":{"self":[{"href":"https:\/\/aguaslindasnoticias.com.br\/index.php\/wp-json\/wp\/v2\/posts\/5488","targetHints":{"allow":["GET"]}}],"collection":[{"href":"https:\/\/aguaslindasnoticias.com.br\/index.php\/wp-json\/wp\/v2\/posts"}],"about":[{"href":"https:\/\/aguaslindasnoticias.com.br\/index.php\/wp-json\/wp\/v2\/types\/post"}],"author":[{"embeddable":true,"href":"https:\/\/aguaslindasnoticias.com.br\/index.php\/wp-json\/wp\/v2\/users\/1"}],"replies":[{"embeddable":true,"href":"https:\/\/aguaslindasnoticias.com.br\/index.php\/wp-json\/wp\/v2\/comments?post=5488"}],"version-history":[{"count":0,"href":"https:\/\/aguaslindasnoticias.com.br\/index.php\/wp-json\/wp\/v2\/posts\/5488\/revisions"}],"wp:attachment":[{"href":"https:\/\/aguaslindasnoticias.com.br\/index.php\/wp-json\/wp\/v2\/media?parent=5488"}],"wp:term":[{"taxonomy":"category","embeddable":true,"href":"https:\/\/aguaslindasnoticias.com.br\/index.php\/wp-json\/wp\/v2\/categories?post=5488"},{"taxonomy":"post_tag","embeddable":true,"href":"https:\/\/aguaslindasnoticias.com.br\/index.php\/wp-json\/wp\/v2\/tags?post=5488"}],"curies":[{"name":"wp","href":"https:\/\/api.w.org\/{rel}","templated":true}]}}