{"id":5487,"date":"2023-01-04T10:13:23","date_gmt":"2023-01-04T13:13:23","guid":{"rendered":"https:\/\/aguaslindasnoticias.com.br\/index.php\/2023\/01\/04\/forca-tarefa-orienta-moradores-no-combate-a-dengue\/"},"modified":"2023-01-04T10:13:23","modified_gmt":"2023-01-04T13:13:23","slug":"forca-tarefa-orienta-moradores-no-combate-a-dengue","status":"publish","type":"post","link":"https:\/\/aguaslindasnoticias.com.br\/index.php\/2023\/01\/04\/forca-tarefa-orienta-moradores-no-combate-a-dengue\/","title":{"rendered":"For\u00e7a-tarefa orienta moradores no combate \u00e0 dengue"},"content":{"rendered":"\n<p>Agentes da Vigil\u00e2ncia Ambiental participaram de a\u00e7\u00e3o conjunta de preven\u00e7\u00e3o contra o mosquito da dengue na cidade de S\u00e3o Sebasti\u00e3o e no bairro Jardim Bot\u00e2nico. A for\u00e7a-tarefa teve in\u00edcio na quinta-feira (3), no Residencial Oeste, em S\u00e3o Sebasti\u00e3o, e continuou na sexta (4), no Condom\u00ednio Jardim Bot\u00e2nico VI. A regi\u00e3o foi escolhida pela incid\u00eancia de casos da doen\u00e7a.&nbsp;Na pr\u00f3xima quinta (10), os agentes estar\u00e3o na Fazendinha, no Itapo\u00e3.<\/p>\n\n\n\n<figure class=\"wp-block-image\"><img decoding=\"async\" src=\"http:\/\/agenciabrasilia.df.gov.br\/wp-conteudo\/uploads\/2022\/03\/Forca-tarefa-da-Secretaria-de-Saude-para-combate-a-dengue-Foto-Agencia-Saude-DF-2.jpeg\" alt=\"\" class=\"wp-image-383075\"\/><figcaption>As regi\u00f5es percorridas pelos agentes s\u00e3o escolhidas pela incid\u00eancia de casos de dengue| Foto: Divulga\u00e7\u00e3o\/Ag\u00eancia Sa\u00fade<\/figcaption><\/figure>\n\n\n\n<p>A for\u00e7a-tarefa&nbsp;passou&nbsp;nas resid\u00eancias orientando os moradores e inspecionando locais como piscinas. Em uma das vistorias,&nbsp;os agentes&nbsp;orientaram&nbsp;o morador a usar cloro na piscina n\u00e3o tratada.<\/p>\n\n\n\n<p>A chefe do N\u00facleo de Vigil\u00e2ncia Ambiental de S\u00e3o Sebasti\u00e3o, Aline Ruben, explica sobre a import\u00e2ncia da a\u00e7\u00e3o. \u201cNo Residencial Oeste, houve o maior \u00edndice de casos de dengue neste ano. Ent\u00e3o, \u00e9 importante que os moradores recebam bem os agentes, sigam as instru\u00e7\u00f5es que eles passam e fiscalizem os im\u00f3veis pelo menos uma vez por semana\u201d, diz.<\/p>\n\n\n\n<p>Ela tamb\u00e9m alerta sobre o cuidado com a caixa d\u2019\u00e1gua, que requer uma vistoria completa. \u201cMuitos moradores n\u00e3o sabem, mas esses dep\u00f3sitos que ficam elevados podem ser o foco gerador na regi\u00e3o\u201d, frisa&nbsp;Aline.<\/p>\n\n\n\n<p><em>*Com informa\u00e7\u00f5es da Secretaria de Sa\u00fade<\/em><\/p>\n\n\n\n<p><strong>Ag\u00eancia Bras\u00edlia* | Edi\u00e7\u00e3o: Claudio Fernandes<\/strong><\/p>\n","protected":false},"excerpt":{"rendered":"<p>Agentes da Vigil\u00e2ncia Ambiental participaram de a\u00e7\u00e3o conjunta de preven\u00e7\u00e3o contra o mosquito da dengue na cidade de S\u00e3o Sebasti\u00e3o e no bairro Jardim Bot\u00e2nico. A for\u00e7a-tarefa teve in\u00edcio na quinta-feira (3), no Residencial Oeste, em S\u00e3o Sebasti\u00e3o, e continuou na sexta (4), no Condom\u00ednio Jardim Bot\u00e2nico VI. A regi\u00e3o foi escolhida pela incid\u00eancia de [&hellip;]<\/p>\n","protected":false},"author":1,"featured_media":0,"comment_status":"open","ping_status":"open","sticky":false,"template":"","format":"standard","meta":{"footnotes":""},"categories":[],"tags":[],"class_list":["post-5487","post","type-post","status-publish","format-standard","hentry"],"_links":{"self":[{"href":"https:\/\/aguaslindasnoticias.com.br\/index.php\/wp-json\/wp\/v2\/posts\/5487","targetHints":{"allow":["GET"]}}],"collection":[{"href":"https:\/\/aguaslindasnoticias.com.br\/index.php\/wp-json\/wp\/v2\/posts"}],"about":[{"href":"https:\/\/aguaslindasnoticias.com.br\/index.php\/wp-json\/wp\/v2\/types\/post"}],"author":[{"embeddable":true,"href":"https:\/\/aguaslindasnoticias.com.br\/index.php\/wp-json\/wp\/v2\/users\/1"}],"replies":[{"embeddable":true,"href":"https:\/\/aguaslindasnoticias.com.br\/index.php\/wp-json\/wp\/v2\/comments?post=5487"}],"version-history":[{"count":0,"href":"https:\/\/aguaslindasnoticias.com.br\/index.php\/wp-json\/wp\/v2\/posts\/5487\/revisions"}],"wp:attachment":[{"href":"https:\/\/aguaslindasnoticias.com.br\/index.php\/wp-json\/wp\/v2\/media?parent=5487"}],"wp:term":[{"taxonomy":"category","embeddable":true,"href":"https:\/\/aguaslindasnoticias.com.br\/index.php\/wp-json\/wp\/v2\/categories?post=5487"},{"taxonomy":"post_tag","embeddable":true,"href":"https:\/\/aguaslindasnoticias.com.br\/index.php\/wp-json\/wp\/v2\/tags?post=5487"}],"curies":[{"name":"wp","href":"https:\/\/api.w.org\/{rel}","templated":true}]}}