{"id":5486,"date":"2023-01-04T10:13:23","date_gmt":"2023-01-04T13:13:23","guid":{"rendered":"https:\/\/aguaslindasnoticias.com.br\/index.php\/2023\/01\/04\/campanha-da-fraternidade-recebe-homenagem-da-cldf\/"},"modified":"2023-01-04T10:13:23","modified_gmt":"2023-01-04T13:13:23","slug":"campanha-da-fraternidade-recebe-homenagem-da-cldf","status":"publish","type":"post","link":"https:\/\/aguaslindasnoticias.com.br\/index.php\/2023\/01\/04\/campanha-da-fraternidade-recebe-homenagem-da-cldf\/","title":{"rendered":"Campanha da Fraternidade recebe homenagem da CLDF"},"content":{"rendered":"\n<figure class=\"wp-block-image size-large\"><img decoding=\"async\" src=\"http:\/\/claricegulyas.com.br\/wp-content\/uploads\/2022\/03\/WhatsApp-Image-2022-03-03-at-17.59.21-1-1024x1024.jpeg\" alt=\"\" class=\"wp-image-9678\"\/><\/figure>\n\n\n\n<p>Por iniciativa dos deputados Jo\u00e3o Cardoso (Avante), Arlete (PT) e Claudio Abrantes (PDT), a C\u00e2mara Legislativa realiza na pr\u00f3xima quarta (9\/3), \u00e0s 10h, sess\u00e3o solene presencial em homenagem \u00e0 Campanha da Fraternidade. Nesta Quaresma, a campanha da igreja cat\u00f3lica no Brasil tem como tema &#8220;Fraternidade e Educa\u00e7\u00e3o&#8221; e o lema \u201cFala com sabedoria, ensina com amor\u201d, extra\u00eddo de Prov\u00e9rbios 31, 26.<\/p>\n\n\n\n<p>&#8220;Segundo a Confer\u00eancia Nacional dos Bispos do Brasil (CNBB), a Campanha da Fraternidade, celebrada no per\u00edodo quaresmal, convida todos a imitar a miseric\u00f3rdia de Deus repartindo o p\u00e3o com os necessitados, fortificando o esp\u00edrito fraterno. A iniciativa est\u00e1 ligada \u00e0 caminhada quaresmal como um dos modos de viver a espiritualidade deste tempo favor\u00e1vel.&#8221;, justificam os autores.<\/p>\n\n\n\n<p>A Campanha da Fraternidade foi lan\u00e7ada virtualmente nessa quarta (2\/3) pela CNBB. Esta \u00e9 a terceira vez que a Educa\u00e7\u00e3o \u00e9 abordada na campanha com a inten\u00e7\u00e3o de propor a reflex\u00e3o sobre os fundamentos do ato de educar na perspectiva crist\u00e3. A solenidade ser\u00e1 transmitida ao vivo pelos canais da CLDF no Youtube e pela TV C\u00e2mara Distrital, pelo canal 9.3.<\/p>\n\n\n\n<p>Servi\u00e7o:<br>Data: 9 de mar\u00e7o de 2022 (quarta)<br>Hora: 10h<br>Local: Plen\u00e1rio da C\u00e2mara Legislativa<br>Youtube:<br>https:\/\/www.youtube.com\/channel\/UCq1lyhE02Q9I0x8gBDM9lOQ<\/p>\n","protected":false},"excerpt":{"rendered":"<p>Por iniciativa dos deputados Jo\u00e3o Cardoso (Avante), Arlete (PT) e Claudio Abrantes (PDT), a C\u00e2mara Legislativa realiza na pr\u00f3xima quarta (9\/3), \u00e0s 10h, sess\u00e3o solene presencial em homenagem \u00e0 Campanha da Fraternidade. Nesta Quaresma, a campanha da igreja cat\u00f3lica no Brasil tem como tema &#8220;Fraternidade e Educa\u00e7\u00e3o&#8221; e o lema \u201cFala com sabedoria, ensina com [&hellip;]<\/p>\n","protected":false},"author":1,"featured_media":0,"comment_status":"open","ping_status":"open","sticky":false,"template":"","format":"standard","meta":{"footnotes":""},"categories":[],"tags":[],"class_list":["post-5486","post","type-post","status-publish","format-standard","hentry"],"_links":{"self":[{"href":"https:\/\/aguaslindasnoticias.com.br\/index.php\/wp-json\/wp\/v2\/posts\/5486","targetHints":{"allow":["GET"]}}],"collection":[{"href":"https:\/\/aguaslindasnoticias.com.br\/index.php\/wp-json\/wp\/v2\/posts"}],"about":[{"href":"https:\/\/aguaslindasnoticias.com.br\/index.php\/wp-json\/wp\/v2\/types\/post"}],"author":[{"embeddable":true,"href":"https:\/\/aguaslindasnoticias.com.br\/index.php\/wp-json\/wp\/v2\/users\/1"}],"replies":[{"embeddable":true,"href":"https:\/\/aguaslindasnoticias.com.br\/index.php\/wp-json\/wp\/v2\/comments?post=5486"}],"version-history":[{"count":0,"href":"https:\/\/aguaslindasnoticias.com.br\/index.php\/wp-json\/wp\/v2\/posts\/5486\/revisions"}],"wp:attachment":[{"href":"https:\/\/aguaslindasnoticias.com.br\/index.php\/wp-json\/wp\/v2\/media?parent=5486"}],"wp:term":[{"taxonomy":"category","embeddable":true,"href":"https:\/\/aguaslindasnoticias.com.br\/index.php\/wp-json\/wp\/v2\/categories?post=5486"},{"taxonomy":"post_tag","embeddable":true,"href":"https:\/\/aguaslindasnoticias.com.br\/index.php\/wp-json\/wp\/v2\/tags?post=5486"}],"curies":[{"name":"wp","href":"https:\/\/api.w.org\/{rel}","templated":true}]}}