{"id":5484,"date":"2023-01-04T10:13:23","date_gmt":"2023-01-04T13:13:23","guid":{"rendered":"https:\/\/aguaslindasnoticias.com.br\/index.php\/2023\/01\/04\/boi-de-seu-teodoro-encerra-projeto-musica-nas-feiras-em-sobradinho\/"},"modified":"2023-01-04T10:13:23","modified_gmt":"2023-01-04T13:13:23","slug":"boi-de-seu-teodoro-encerra-projeto-musica-nas-feiras-em-sobradinho","status":"publish","type":"post","link":"https:\/\/aguaslindasnoticias.com.br\/index.php\/2023\/01\/04\/boi-de-seu-teodoro-encerra-projeto-musica-nas-feiras-em-sobradinho\/","title":{"rendered":"Boi de Seu Teodoro encerra projeto M\u00fasica nas Feiras, em Sobradinho"},"content":{"rendered":"\n<figure class=\"wp-block-image size-large\"><img decoding=\"async\" src=\"http:\/\/claricegulyas.com.br\/wp-content\/uploads\/2022\/03\/WhatsApp-Image-2022-03-02-at-11.00.02-1024x682.jpeg\" alt=\"\" class=\"wp-image-9670\"\/><figcaption>Boi do Seu Teodoro \/ divulga\u00e7\u00e3o<\/figcaption><\/figure>\n\n\n\n<p>Uma das principais manifesta\u00e7\u00f5es culturais nordestinas do Distrito Federal, o Boi de Seu Teodoro \u00e9 um dos destaques da programa\u00e7\u00e3o do projeto <strong>M\u00fasica nas Feiras<\/strong>, que ser\u00e1 encerrado neste final de semana na Feira Permanente de Sobradinho. Artistas locais se apresentar\u00e3o om os mais diversos ritmos e estilos musicais no s\u00e1bado e domingo (dias 5 e 6 de mar\u00e7o), \u00e0s 9h e \u00e0s 10h, respectivamente. A entrada \u00e9 franca, com classifica\u00e7\u00e3o livre.<\/p>\n\n\n\n<p>O projeto M\u00fasica nas Feiras teve in\u00edcio em 27 de novembro e \u00e9 uma iniciativa da Associa\u00e7\u00e3o Artise de Arte, Cultura e Acessibilidade, com o fomento da Secretaria de Cultura e Economia Criativa do DF.<\/p>\n\n\n\n<p>O objetivo \u00e9 dar visibilidade aos artistas de Sobradinho e Sobradinho II, al\u00e9m de promover entretenimento de qualidade e democratizar o acesso \u00e0 cultura por meio da ocupa\u00e7\u00e3o de espa\u00e7os p\u00fablicos.<\/p>\n\n\n\n<p>Ao longo de dez finais de semana e 20 eventos realizados, mais de 250 artistas, entre cantores e instrumentistas, se apresentaram nas feiras permanentes de Sobradinho e Sobradinho II.<\/p>\n\n\n\n<p><strong>Confira a programa\u00e7\u00e3o deste final de semana:<\/strong><\/p>\n\n\n\n<p><strong>S\u00e1bado, 5 de mar\u00e7o<\/strong><br>9h \u00e0s 15h<\/p>\n\n\n\n<p>Boi de Seu Teodoro<br>Tambor de Criola de Seu Teodoro<br>Banda Cim\u00e9ria<br>Alex Paz<br>Banda FM<br>Ney Santos<\/p>\n\n\n\n<p><br><strong>Domingo, 6 de mar\u00e7o<\/strong><br>10h \u00e0s 15h<\/p>\n\n\n\n<p>Sim\u00e3o Santos<br>Am\u00e9lia Pinheiro<br>Lula de Lima<br>Dani Machado<br>Adois.com<\/p>\n\n\n\n<p><strong>Servi\u00e7o:<\/strong><br><strong>Projeto M\u00fasica nas Feiras<\/strong><br>Data: 5 e 6 de mar\u00e7o de 2022<br>Hora: S\u00e1bado, das 9h \u00e0s 15h; e domingo, das 10h \u00e0s 15h<br>Local: Feira Permanente de Sobradinho<br>Informa\u00e7\u00f5es: @artiseoficial \/ (61) 98585-6060<\/p>\n","protected":false},"excerpt":{"rendered":"<p>Uma das principais manifesta\u00e7\u00f5es culturais nordestinas do Distrito Federal, o Boi de Seu Teodoro \u00e9 um dos destaques da programa\u00e7\u00e3o do projeto M\u00fasica nas Feiras, que ser\u00e1 encerrado neste final de semana na Feira Permanente de Sobradinho. Artistas locais se apresentar\u00e3o om os mais diversos ritmos e estilos musicais no s\u00e1bado e domingo (dias 5 [&hellip;]<\/p>\n","protected":false},"author":1,"featured_media":0,"comment_status":"open","ping_status":"open","sticky":false,"template":"","format":"standard","meta":{"footnotes":""},"categories":[],"tags":[],"class_list":["post-5484","post","type-post","status-publish","format-standard","hentry"],"_links":{"self":[{"href":"https:\/\/aguaslindasnoticias.com.br\/index.php\/wp-json\/wp\/v2\/posts\/5484","targetHints":{"allow":["GET"]}}],"collection":[{"href":"https:\/\/aguaslindasnoticias.com.br\/index.php\/wp-json\/wp\/v2\/posts"}],"about":[{"href":"https:\/\/aguaslindasnoticias.com.br\/index.php\/wp-json\/wp\/v2\/types\/post"}],"author":[{"embeddable":true,"href":"https:\/\/aguaslindasnoticias.com.br\/index.php\/wp-json\/wp\/v2\/users\/1"}],"replies":[{"embeddable":true,"href":"https:\/\/aguaslindasnoticias.com.br\/index.php\/wp-json\/wp\/v2\/comments?post=5484"}],"version-history":[{"count":0,"href":"https:\/\/aguaslindasnoticias.com.br\/index.php\/wp-json\/wp\/v2\/posts\/5484\/revisions"}],"wp:attachment":[{"href":"https:\/\/aguaslindasnoticias.com.br\/index.php\/wp-json\/wp\/v2\/media?parent=5484"}],"wp:term":[{"taxonomy":"category","embeddable":true,"href":"https:\/\/aguaslindasnoticias.com.br\/index.php\/wp-json\/wp\/v2\/categories?post=5484"},{"taxonomy":"post_tag","embeddable":true,"href":"https:\/\/aguaslindasnoticias.com.br\/index.php\/wp-json\/wp\/v2\/tags?post=5484"}],"curies":[{"name":"wp","href":"https:\/\/api.w.org\/{rel}","templated":true}]}}