{"id":5483,"date":"2023-01-04T10:13:23","date_gmt":"2023-01-04T13:13:23","guid":{"rendered":"https:\/\/aguaslindasnoticias.com.br\/index.php\/2023\/01\/04\/preocupacao-da-onu-lixo-eletronico-tem-tratamento-adequado-no-df\/"},"modified":"2023-01-04T10:13:23","modified_gmt":"2023-01-04T13:13:23","slug":"preocupacao-da-onu-lixo-eletronico-tem-tratamento-adequado-no-df","status":"publish","type":"post","link":"https:\/\/aguaslindasnoticias.com.br\/index.php\/2023\/01\/04\/preocupacao-da-onu-lixo-eletronico-tem-tratamento-adequado-no-df\/","title":{"rendered":"Preocupa\u00e7\u00e3o da ONU, lixo eletr\u00f4nico tem tratamento adequado no DF"},"content":{"rendered":"\n<p>Apenas 3% do lixo eletr\u00f4nico produzido e descartado na Am\u00e9rica Latina t\u00eam destina\u00e7\u00e3o correta. Os outros 97% s\u00e3o expostos \u00e0 natureza, liberam subst\u00e2ncias t\u00f3xicas e podem causar danos ambientais irrepar\u00e1veis. Na contram\u00e3o desses riscos, o Governo do Distrito federal (GDF) mant\u00e9m em atividade a primeira usina de reciclagem de lixo eletr\u00f4nico da Am\u00e9rica Latina, o Reciclotech, com recupera\u00e7\u00e3o de quase 100% do que \u00e9 coletado e chega l\u00e1.<\/p>\n\n\n\n<figure class=\"wp-block-image\"><img decoding=\"async\" src=\"http:\/\/agenciabrasilia.df.gov.br\/wp-conteudo\/uploads\/2022\/02\/WhatsApp-Image-2022-02-28-at-14.11.17.jpeg\" alt=\"\" class=\"wp-image-381909\"\/><figcaption>A\u00e7\u00f5es itinerantes de coleta de lixo eletr\u00f4nico s\u00e3o feitas em todas as regi\u00f5es administrativas | Foto: Paulo H Carvalho\/Ag\u00eancia Bras\u00edlia<\/figcaption><\/figure>\n\n\n\n<p>Estudo promovido pela Organiza\u00e7\u00e3o das Na\u00e7\u00f5es Unidas para o Desenvolvimento Industrial (Unido), que avaliou 13 pa\u00edses da Am\u00e9rica Latina, concluiu que os res\u00edduos e materiais eletr\u00f4nicos est\u00e3o entre os tipos de lixo que crescem de forma mais r\u00e1pida no mundo, amea\u00e7ando o desenvolvimento sustent\u00e1vel. De acordo com o texto, o descarte desse material aumentou 49% entre 2010 e 2019.<\/p>\n\n\n\n<p>O lixo eletr\u00f4nico produzido nesses 13 pa\u00edses \u00e9 composto por v\u00e1rias subst\u00e2ncias t\u00f3xicas e, segundo a Unido, teve 2,2 kg de merc\u00fario, 600 kg de c\u00e1dmio, 4,4 mkg (quilograma-metro) de chumbo e 5,6 megatoneladas de gases de efeito estufa s\u00f3 em 2019.<\/p>\n\n\n\n<p>Em 2010, foi institu\u00edda no Brasil a Pol\u00edtica Nacional de Res\u00edduos S\u00f3lidos. A Lei n\u00ba 12.305\/10 prev\u00ea um ponto de coleta de lixo eletr\u00f4nico para cada grupo de 25 mil habitantes. \u00c9 por meio dessa legisla\u00e7\u00e3o que se organiza a forma com que o pa\u00eds lida com o lixo, exigindo dos setores p\u00fablicos e privados transpar\u00eancia no gerenciamento de res\u00edduos.<\/p>\n\n\n\n<p>O GDF trabalha para ampliar a inclus\u00e3o digital e democratizar o acesso \u00e0s tecnologias da informa\u00e7\u00e3o. A\u00e7\u00f5es itinerantes de coleta de lixo eletr\u00f4nico s\u00e3o feitas em todas as regi\u00f5es administrativas com o Reciclotech Drive Thru, recolhendo materiais sem uso. Itens como computadores, monitores, aparelhos celulares e todo tipo de eletroeletr\u00f4nico s\u00e3o reciclados e doados a escolas, bibliotecas e entidades, suprindo, assim, o d\u00e9ficit daqueles estudantes que n\u00e3o t\u00eam como acessar os conte\u00fados de educa\u00e7\u00e3o on-line que o governo disponibiliza.<\/p>\n\n\n\n<p>No Distrito Federal, j\u00e1 foram instalados, at\u00e9 agora,&nbsp;<a href=\"https:\/\/www.programandoofuturo.org.br\/descartar\/\">106 pontos de entrega volunt\u00e1ria<\/a>&nbsp;em todas as regi\u00f5es administrativas, realizadas 85 caravanas de coleta desses materiais e arrecadadas, aproximadamente, 100 mil toneladas de lixo eletr\u00f4nico.<\/p>\n\n\n\n<p><strong>Pol\u00edticas p\u00fablicas<\/strong><\/p>\n\n\n\n<p>Bras\u00edlia segue acima da m\u00e9dia nacional ao ter um ponto para cada grupo de 15 mil moradores, o que demonstra a aten\u00e7\u00e3o do GDF ao desenvolver pol\u00edticas p\u00fablicas direcionadas ao tema.<\/p>\n\n\n\n<blockquote class=\"wp-block-quote is-layout-flow wp-block-quote-is-layout-flow\"><p>O Reciclotech recupera 99,7% do lixo eletr\u00f4nico encaminhado \u00e0 usina, evitando que esses materiais t\u00f3xicos voltem \u00e0 natureza<\/p><\/blockquote>\n\n\n\n<p>De acordo com o secret\u00e1rio de Ci\u00eancia, Tecnologia e Inova\u00e7\u00e3o , Gilvan M\u00e1ximo, o Reciclotech \u00e9 a \u00fanica usina de reciclagem da Am\u00e9rica Latina, sendo respons\u00e1vel pela recupera\u00e7\u00e3o de 99,7% do lixo eletr\u00f4nico encaminhado, evitando que esses materiais t\u00f3xicos voltem \u00e0 natureza, contaminem os len\u00e7\u00f3is fre\u00e1ticos e poluam o meio ambiente.<\/p>\n\n\n\n<p>\u201cIsso \u00e9 poss\u00edvel porque temos feito parcerias com empresas. Nosso programa \u00e9 um sucesso, principalmente quando computadores j\u00e1 inutilizados s\u00e3o reformados e auxiliam alunos de baixa renda em seus trabalhos escolares\u201d, diz Gilvan.<\/p>\n\n\n\n<p>Lucas Candeira \u00e9 assessor especial na Secretaria de Ci\u00eancia, Tecnologia e Inova\u00e7\u00e3o (Secti). Antes de trabalhar na pasta, ele tinha conhecimento dos riscos de contamina\u00e7\u00e3o dos materiais eletr\u00f4nicos na natureza. Agora, sua preocupa\u00e7\u00e3o e seu cuidado s\u00e3o maiores ao ponto de ele virar refer\u00eancia dos amigos que precisam dispensar esses produtos sem uso e n\u00e3o sabem aonde levar. \u201cEncaminho para um ponto de descarte perto da minha casa e l\u00e1 o material \u00e9 reaproveitado ou separado para reciclagem das pe\u00e7as\u201d, conta.<\/p>\n\n\n\n<blockquote class=\"wp-block-quote is-layout-flow wp-block-quote-is-layout-flow\"><p>\u201cNosso programa \u00e9 um sucesso, principalmente quando computadores j\u00e1 inutilizados s\u00e3o reformados e auxiliam alunos de baixa renda em seus trabalhos escolares\u201d- Gilvan M\u00e1ximo, secret\u00e1rio de Ci\u00eancia, Tecnologia e Inova\u00e7\u00e3o do DF<\/p><\/blockquote>\n\n\n\n<p>De acordo com ele, tudo que passa algum tipo de energia pode ser descartado como lixo eletr\u00f4nico \u2013 de um fone de ouvido do celular a uma geladeira. E, a\u00ed, cabe \u00e0 Organiza\u00e7\u00e3o da Sociedade Civil (OSC) Programando o Futuro dar o devido destino a aparelhos eletr\u00f4nicos e pe\u00e7as. \u201cEsses materiais s\u00e3o t\u00f3xicos e, se n\u00e3o destinados de forma correta, contaminam o solo e a \u00e1gua\u201d, alerta.<\/p>\n\n\n\n<p>No Setor de Ind\u00fastrias do Gama, o Instituto Viver Rafaela recebeu dez computadores recuperados do lixo e que agora fazem parte de um laborat\u00f3rio de inform\u00e1tica para adolescentes e adultos. Muitas pessoas em situa\u00e7\u00e3o de vulnerabilidade est\u00e3o, inclusive, sendo capacitadas para o mercado de trabalho.<\/p>\n\n\n\n<p>Cida Bezerra, 55 anos, \u00e9 presidente da institui\u00e7\u00e3o e diz que o suporte oferecido por meio da sala de inform\u00e1tica ser\u00e1 capaz de mudar a realidade de quem precisa sair do desemprego, mas n\u00e3o tem no\u00e7\u00e3o alguma de inform\u00e1tica. \u201cComprar computadores ficaria muito caro. Ter recebido essas m\u00e1quinas recuperadas \u00e9 muito importante para ajudar tanto as pessoas a conseguir um emprego&nbsp;quanto as que precisam de um suporte para estudar\u201d, explica.<\/p>\n\n\n\n<p><strong>H\u00e9dio Ferreira J\u00fanior, da Ag\u00eancia Bras\u00edlia | Edi\u00e7\u00e3o: Claudio Fernandes<\/strong><\/p>\n","protected":false},"excerpt":{"rendered":"<p>Apenas 3% do lixo eletr\u00f4nico produzido e descartado na Am\u00e9rica Latina t\u00eam destina\u00e7\u00e3o correta. Os outros 97% s\u00e3o expostos \u00e0 natureza, liberam subst\u00e2ncias t\u00f3xicas e podem causar danos ambientais irrepar\u00e1veis. Na contram\u00e3o desses riscos, o Governo do Distrito federal (GDF) mant\u00e9m em atividade a primeira usina de reciclagem de lixo eletr\u00f4nico da Am\u00e9rica Latina, o [&hellip;]<\/p>\n","protected":false},"author":1,"featured_media":0,"comment_status":"open","ping_status":"open","sticky":false,"template":"","format":"standard","meta":{"footnotes":""},"categories":[],"tags":[],"class_list":["post-5483","post","type-post","status-publish","format-standard","hentry"],"_links":{"self":[{"href":"https:\/\/aguaslindasnoticias.com.br\/index.php\/wp-json\/wp\/v2\/posts\/5483","targetHints":{"allow":["GET"]}}],"collection":[{"href":"https:\/\/aguaslindasnoticias.com.br\/index.php\/wp-json\/wp\/v2\/posts"}],"about":[{"href":"https:\/\/aguaslindasnoticias.com.br\/index.php\/wp-json\/wp\/v2\/types\/post"}],"author":[{"embeddable":true,"href":"https:\/\/aguaslindasnoticias.com.br\/index.php\/wp-json\/wp\/v2\/users\/1"}],"replies":[{"embeddable":true,"href":"https:\/\/aguaslindasnoticias.com.br\/index.php\/wp-json\/wp\/v2\/comments?post=5483"}],"version-history":[{"count":0,"href":"https:\/\/aguaslindasnoticias.com.br\/index.php\/wp-json\/wp\/v2\/posts\/5483\/revisions"}],"wp:attachment":[{"href":"https:\/\/aguaslindasnoticias.com.br\/index.php\/wp-json\/wp\/v2\/media?parent=5483"}],"wp:term":[{"taxonomy":"category","embeddable":true,"href":"https:\/\/aguaslindasnoticias.com.br\/index.php\/wp-json\/wp\/v2\/categories?post=5483"},{"taxonomy":"post_tag","embeddable":true,"href":"https:\/\/aguaslindasnoticias.com.br\/index.php\/wp-json\/wp\/v2\/tags?post=5483"}],"curies":[{"name":"wp","href":"https:\/\/api.w.org\/{rel}","templated":true}]}}