{"id":5481,"date":"2023-01-04T10:13:23","date_gmt":"2023-01-04T13:13:23","guid":{"rendered":"https:\/\/aguaslindasnoticias.com.br\/index.php\/2023\/01\/04\/em-consulta-publica-982-apoiam-reforma-da-praca-do-relogio\/"},"modified":"2023-01-04T10:13:23","modified_gmt":"2023-01-04T13:13:23","slug":"em-consulta-publica-982-apoiam-reforma-da-praca-do-relogio","status":"publish","type":"post","link":"https:\/\/aguaslindasnoticias.com.br\/index.php\/2023\/01\/04\/em-consulta-publica-982-apoiam-reforma-da-praca-do-relogio\/","title":{"rendered":"Em consulta p\u00fablica, 98,2% apoiam reforma da Pra\u00e7a do Rel\u00f3gio"},"content":{"rendered":"\n<p>A proposta da Secretaria de Desenvolvimento Urbano e Habita\u00e7\u00e3o (Seduh) para reformar os espa\u00e7os da Pra\u00e7a do Rel\u00f3gio, em Taguatinga, foi apoiada por 98,2% dos participantes da consulta p\u00fablica conclu\u00edda pela pasta em 24 de fevereiro. Ao todo, 280 respostas e 123 sugest\u00f5es foram enviadas pelo question\u00e1rio online criado para coletar as opini\u00f5es da comunidade para a elabora\u00e7\u00e3o do projeto de requalifica\u00e7\u00e3o e urbaniza\u00e7\u00e3o do local.<\/p>\n\n\n\n<figure class=\"wp-block-image\"><img decoding=\"async\" src=\"http:\/\/agenciabrasilia.df.gov.br\/wp-conteudo\/uploads\/2022\/03\/51224355877_9bc4f4c5e0_k.jpg\" alt=\"\" class=\"wp-image-382351\"\/><figcaption>Principal cart\u00e3o-postal de Taguatinga, a Pra\u00e7a do Rel\u00f3gio est\u00e1 localizada no centro da cidade e divide o espa\u00e7o com uma esta\u00e7\u00e3o do metr\u00f4 e um ponto de t\u00e1xi | Foto: Paulo H. Carvalho\/Ag\u00eancia Bras\u00edlia<\/figcaption><\/figure>\n\n\n\n<p>Sobre o que a popula\u00e7\u00e3o gostaria que fosse executado na pra\u00e7a, 89,9% responderam que a principal a\u00e7\u00e3o seria a instala\u00e7\u00e3o de mais postes de ilumina\u00e7\u00e3o p\u00fablica; 87,7% destacaram a necessidade de melhorar as cal\u00e7adas com pavimenta\u00e7\u00e3o acess\u00edvel; 87,4% querem manter a arboriza\u00e7\u00e3o do local; 84,1% escolheram a instala\u00e7\u00e3o de sistemas de seguran\u00e7a como uma prioridade; e 80,5% apontaram a import\u00e2ncia de mais bancos e lixeiras.<\/p>\n\n\n\n<p>As respostas se alinharam com alguns dos problemas que a popula\u00e7\u00e3o mais identificou na Pra\u00e7a do Rel\u00f3gio. Do total, 89,9% dos participantes avaliaram as cal\u00e7adas danificadas como a principal dificuldade no local. Em segundo lugar ficou o uso de subst\u00e2ncias il\u00edcitas na pra\u00e7a, com 81,2%, seguido pela aus\u00eancia de ilumina\u00e7\u00e3o adequada, com 79,1%; mobili\u00e1rio urbano danificado, com 76,5%,&nbsp; e a quantidade de assaltos, 75,5%.<\/p>\n\n\n\n<p>Em rela\u00e7\u00e3o \u00e0&nbsp;<a href=\"https:\/\/youtu.be\/DM0dLpJpzrU\">proposta desenvolvida pela Seduh&nbsp;<\/a>para redesenhar o piso da pra\u00e7a, com a cria\u00e7\u00e3o de cal\u00e7adas acess\u00edveis de concreto, 94,2% dos participantes manifestaram aprova\u00e7\u00e3o ao projeto. Sobre a possibilidade de reformar e reativar o espelho d\u2019\u00e1gua e o chafariz, 85,3% se mostraram favor\u00e1veis \u00e0 iniciativa.<\/p>\n\n\n\n<p>Das atividades que a popula\u00e7\u00e3o gostaria que fossem ofertadas na pra\u00e7a, 76,1% pedem feiras livres e atividades culturais, 66,3% querem&nbsp;<em>food trucks,<\/em>&nbsp;62% reivindicam quiosques, 52,2% desejam mais obras de arte p\u00fablicas, 47,5% apontaram espa\u00e7os para gin\u00e1stica ao ar livre e 45,7% solicitam parques infantis.<\/p>\n\n\n\n<blockquote class=\"wp-block-quote is-layout-flow wp-block-quote-is-layout-flow\"><p>\u201cEssa iniciativa busca melhorar a Pra\u00e7a do Rel\u00f3gio e vai se somar ao pacote de obras voltadas \u00e0quela \u00e1rea central de Taguatinga. Para isso, a consulta p\u00fablica veio como forma de democratizar o debate, colhendo as opini\u00f5es da sociedade sobre o assunto\u201d- Jana\u00edna Vieira, secret\u00e1ria-executiva de Gest\u00e3o do Territ\u00f3rio<\/p><\/blockquote>\n\n\n\n<p>O perfil dos participantes foi em sua maioria feminino, representando 51,3% do total. Quanto \u00e0 idade, 50,2% t\u00eam entre 36 e 60 anos, 39,8% entre 19 e 35 anos e 8,2% est\u00e3o acima de 60 anos. A maior parte (62,9%) \u00e9 de moradores de Taguatinga, dos quais 68% s\u00e3o pessoas que passam pela pra\u00e7a com frequ\u00eancia.<\/p>\n\n\n\n<p>\u201cEssa iniciativa busca melhorar a Pra\u00e7a do Rel\u00f3gio e vai se somar ao pacote de obras voltadas \u00e0quela \u00e1rea central de Taguatinga. Para isso, a consulta p\u00fablica veio como forma de democratizar o debate, colhendo as opini\u00f5es da sociedade sobre o assunto\u201d, explicou a secret\u00e1ria-executiva de Gest\u00e3o do Territ\u00f3rio da Seduh, Jana\u00edna Vieira.<\/p>\n\n\n\n<p><strong>Cart\u00e3o-postal<\/strong><\/p>\n\n\n\n<p>A Pra\u00e7a do Rel\u00f3gio, por onde circulam milhares de pessoas diariamente, \u00e9 o principal cart\u00e3o-postal de Taguatinga. Est\u00e1 localizada no centro da cidade, pr\u00f3ximo \u00e0 administra\u00e7\u00e3o. Divide o espa\u00e7o nobre com uma esta\u00e7\u00e3o do metr\u00f4 e um ponto de t\u00e1xi.<\/p>\n\n\n\n<p>O rel\u00f3gio mede 15 metros de altura e foi doado \u00e0 cidade, em 1970, pela empresa Citizen Watch Co., tendo sido tombado como patrim\u00f4nio cultural e art\u00edstico do Distrito Federal conforme o Decreto n\u00ba 11.823, de 18 de setembro de 1989.<\/p>\n\n\n\n<p>*<em>Com informa\u00e7\u00f5es da Secretaria de Desenvolvimento Urbano e Habita\u00e7\u00e3o<\/em><\/p>\n\n\n\n<p><strong>Ag\u00eancia Bras\u00edlia* | Edi\u00e7\u00e3o: Claudio Fernandes<\/strong><\/p>\n","protected":false},"excerpt":{"rendered":"<p>A proposta da Secretaria de Desenvolvimento Urbano e Habita\u00e7\u00e3o (Seduh) para reformar os espa\u00e7os da Pra\u00e7a do Rel\u00f3gio, em Taguatinga, foi apoiada por 98,2% dos participantes da consulta p\u00fablica conclu\u00edda pela pasta em 24 de fevereiro. Ao todo, 280 respostas e 123 sugest\u00f5es foram enviadas pelo question\u00e1rio online criado para coletar as opini\u00f5es da comunidade [&hellip;]<\/p>\n","protected":false},"author":1,"featured_media":0,"comment_status":"open","ping_status":"open","sticky":false,"template":"","format":"standard","meta":{"footnotes":""},"categories":[],"tags":[],"class_list":["post-5481","post","type-post","status-publish","format-standard","hentry"],"_links":{"self":[{"href":"https:\/\/aguaslindasnoticias.com.br\/index.php\/wp-json\/wp\/v2\/posts\/5481","targetHints":{"allow":["GET"]}}],"collection":[{"href":"https:\/\/aguaslindasnoticias.com.br\/index.php\/wp-json\/wp\/v2\/posts"}],"about":[{"href":"https:\/\/aguaslindasnoticias.com.br\/index.php\/wp-json\/wp\/v2\/types\/post"}],"author":[{"embeddable":true,"href":"https:\/\/aguaslindasnoticias.com.br\/index.php\/wp-json\/wp\/v2\/users\/1"}],"replies":[{"embeddable":true,"href":"https:\/\/aguaslindasnoticias.com.br\/index.php\/wp-json\/wp\/v2\/comments?post=5481"}],"version-history":[{"count":0,"href":"https:\/\/aguaslindasnoticias.com.br\/index.php\/wp-json\/wp\/v2\/posts\/5481\/revisions"}],"wp:attachment":[{"href":"https:\/\/aguaslindasnoticias.com.br\/index.php\/wp-json\/wp\/v2\/media?parent=5481"}],"wp:term":[{"taxonomy":"category","embeddable":true,"href":"https:\/\/aguaslindasnoticias.com.br\/index.php\/wp-json\/wp\/v2\/categories?post=5481"},{"taxonomy":"post_tag","embeddable":true,"href":"https:\/\/aguaslindasnoticias.com.br\/index.php\/wp-json\/wp\/v2\/tags?post=5481"}],"curies":[{"name":"wp","href":"https:\/\/api.w.org\/{rel}","templated":true}]}}