{"id":5480,"date":"2023-01-04T10:13:23","date_gmt":"2023-01-04T13:13:23","guid":{"rendered":"https:\/\/aguaslindasnoticias.com.br\/index.php\/2023\/01\/04\/unidade-movel-do-hvep-nao-funcionara-nos-dias-4-e-7-de-marco\/"},"modified":"2023-01-04T10:13:23","modified_gmt":"2023-01-04T13:13:23","slug":"unidade-movel-do-hvep-nao-funcionara-nos-dias-4-e-7-de-marco","status":"publish","type":"post","link":"https:\/\/aguaslindasnoticias.com.br\/index.php\/2023\/01\/04\/unidade-movel-do-hvep-nao-funcionara-nos-dias-4-e-7-de-marco\/","title":{"rendered":"Unidade m\u00f3vel do Hvep n\u00e3o funcionar\u00e1 nos dias 4 e 7 de mar\u00e7o"},"content":{"rendered":"\n<p>O Instituto Bras\u00edlia Ambiental informa que a unidade m\u00f3vel do Servi\u00e7o Veterin\u00e1rio P\u00fablico (Hvep), que est\u00e1 no Parque Ecol\u00f3gico Tr\u00eas Meninas (Samambaia), n\u00e3o funcionar\u00e1 nesta sexta-feira (4) e na pr\u00f3xima segunda-feira (7). As atividades ser\u00e3o retomadas, normalmente, no dia 8 de mar\u00e7o.<\/p>\n\n\n\n<figure class=\"wp-block-image\"><img decoding=\"async\" src=\"http:\/\/www.agenciabrasilia.df.gov.br\/wp-conteudo\/uploads\/2022\/03\/UNIDADE-M%C3%93VEL-1024x768.jpeg\" alt=\"\" class=\"wp-image-382526\"\/><figcaption>As atividades da unidade m\u00f3vel do Servi\u00e7o Veterin\u00e1rio P\u00fablico (Hvep) ser\u00e3o retomadas no dia 8 de mar\u00e7o | Foto: Divulga\u00e7\u00e3o\/Instituto Bras\u00edlia Ambiental<\/figcaption><\/figure>\n\n\n\n<p>Em casos de retornos agendados para as datas informadas acima, o tutor dever\u00e1 entrar em contato por meio do WhatsApp (61) 9 9938-5316 para realizar a remarca\u00e7\u00e3o.<\/p>\n\n\n\n<p>Instalado no Parque Ecol\u00f3gico Tr\u00eas Meninas, o projeto-piloto conta com a distribui\u00e7\u00e3o de dez senhas di\u00e1rias, a partir das 8h. Consultas e coletas para exames de sangue ocorrem, de segunda a sexta-feira, at\u00e9 13h, enquanto para o turno vespertino est\u00e3o previstos os retornos agendados.<\/p>\n\n\n\n<p><em>*Com informa\u00e7\u00f5es do Instituto Bras\u00edlia Ambiental<\/em><\/p>\n\n\n\n<p><strong>Ag\u00eancia Bras\u00edlia* I Edi\u00e7\u00e3o: D\u00e9bora Cronemberger<\/strong><\/p>\n","protected":false},"excerpt":{"rendered":"<p>O Instituto Bras\u00edlia Ambiental informa que a unidade m\u00f3vel do Servi\u00e7o Veterin\u00e1rio P\u00fablico (Hvep), que est\u00e1 no Parque Ecol\u00f3gico Tr\u00eas Meninas (Samambaia), n\u00e3o funcionar\u00e1 nesta sexta-feira (4) e na pr\u00f3xima segunda-feira (7). As atividades ser\u00e3o retomadas, normalmente, no dia 8 de mar\u00e7o. Em casos de retornos agendados para as datas informadas acima, o tutor dever\u00e1 [&hellip;]<\/p>\n","protected":false},"author":1,"featured_media":0,"comment_status":"open","ping_status":"open","sticky":false,"template":"","format":"standard","meta":{"footnotes":""},"categories":[],"tags":[],"class_list":["post-5480","post","type-post","status-publish","format-standard","hentry"],"_links":{"self":[{"href":"https:\/\/aguaslindasnoticias.com.br\/index.php\/wp-json\/wp\/v2\/posts\/5480","targetHints":{"allow":["GET"]}}],"collection":[{"href":"https:\/\/aguaslindasnoticias.com.br\/index.php\/wp-json\/wp\/v2\/posts"}],"about":[{"href":"https:\/\/aguaslindasnoticias.com.br\/index.php\/wp-json\/wp\/v2\/types\/post"}],"author":[{"embeddable":true,"href":"https:\/\/aguaslindasnoticias.com.br\/index.php\/wp-json\/wp\/v2\/users\/1"}],"replies":[{"embeddable":true,"href":"https:\/\/aguaslindasnoticias.com.br\/index.php\/wp-json\/wp\/v2\/comments?post=5480"}],"version-history":[{"count":0,"href":"https:\/\/aguaslindasnoticias.com.br\/index.php\/wp-json\/wp\/v2\/posts\/5480\/revisions"}],"wp:attachment":[{"href":"https:\/\/aguaslindasnoticias.com.br\/index.php\/wp-json\/wp\/v2\/media?parent=5480"}],"wp:term":[{"taxonomy":"category","embeddable":true,"href":"https:\/\/aguaslindasnoticias.com.br\/index.php\/wp-json\/wp\/v2\/categories?post=5480"},{"taxonomy":"post_tag","embeddable":true,"href":"https:\/\/aguaslindasnoticias.com.br\/index.php\/wp-json\/wp\/v2\/tags?post=5480"}],"curies":[{"name":"wp","href":"https:\/\/api.w.org\/{rel}","templated":true}]}}